{"id":1150,"date":"2018-05-27T14:53:35","date_gmt":"2018-05-27T14:53:35","guid":{"rendered":""},"modified":"-0001-11-30T00:00:00","modified_gmt":"-0001-11-29T22:00:00","slug":"","status":"publish","type":"post","link":"http:\/\/www.chapelle-crecy.com\/?p=1150","title":{"rendered":"Annonces du 28 mai au 3 juin 2018"},"content":{"rendered":"<div align=\"justify\">Voici les annonces de la p\u00e9riode du lundi 28 au dimanche 3 juin 2018 pour la paroisse des 3 clochers Cr\u00e9cy-la-Chapelle, Villiers-sur-Morin, Voulangis. <\/p>\n<p>Samedi 2 juin  \u00e0\u00a0 18 h 30, messe \u00e0\u00a0 Villiers , <br \/>\nDimanche 3 juin \u00e0\u00a0 9 h 45, messe \u00e0\u00a0 la coll\u00e9giale. <\/p>\n<p>Tous les d\u00e9tails dans la suite &#8230;\n<\/p><\/div>\n<div align=\"center\">\n<table bgcolor =\"FFF6F0\" border=0>\n<tbody>\n<tr>\n<td><font color=\"00CC00\"><\/p>\n<div align=\"center\"><img decoding=\"async\" src=\"\/IMG\/personnes\/ferdinand_castille.jpg\" width=200><br \/>\n<i>Saint Ferdinand de Castille<\/i><\/div>\n<p><\/font><\/td>\n<td width=400><font color=\"00CC00\"><\/p>\n<div align=\"center\">\n<b>Lundi 28 mai<\/b> <br \/> <br \/>\n17 h &#8211; Messe \u00e0 la Maison de Retraite.<\/p>\n<p><b>Mardi 29 mai<\/b><br \/>\n18 h &#8211; Messe \u00e0 Cr\u00e9cy pour Fr\u00e9d\u00e9ric TENAGUILLO.<\/p>\n<p><b>Mercredi 30 mai<\/b><br \/>\n<i>Saint Ferdinand de Castille<\/i><br \/>\n9 h &#8211; Messe \u00e0 Cr\u00e9cy pour Jeanne REGALA.\n<\/div>\n<p><\/font><\/td>\n<\/tr>\n<\/tbody>\n<\/table>\n<p> <\/p>\n<table bgcolor =\"F0F0FF\" border=0>\n<tbody>\n<tr>\n<td width=400><font color=\"678060\"><\/p>\n<div align=\"center\">\n<p><b>Jeudi 31 mai<\/b><br \/>\n18 h &#8211; Messe \u00e0 Cr\u00e9cy pour Jeannette CLAPTIEN.<\/p>\n<p><b>Vendredi 1er juin<\/b><br \/>\n<i>Saint Justin<\/i><br \/>\n9 h &#8211; Messe \u00e0 Cr\u00e9cy pour Guy DE ALDECOA.<br \/>\nde 9 h30 \u00e0 10 h &#8211; Adoration du Saint Sacrement.\n<\/div>\n<p><\/font><\/td>\n<td><font color=\"678060\"><\/p>\n<div align=\"center\"><img decoding=\"async\" src=\"\/IMG\/personnes\/justin.jpg\" width=200><br \/><i>Saint Justin<\/i><\/div>\n<p><\/font><\/td>\n<\/tr>\n<\/tbody>\n<\/table>\n<p> <\/p>\n<table bgcolor =\"F0FAFA\" border=0>\n<tbody>\n<tr>\n<td><font color=\"678060\"><\/p>\n<div align=\"center\"><img decoding=\"async\" src=\"\/IMG\/personnes\/blandine.jpg\" width=200><br \/><i>Sainte Blandine<\/i><\/div>\n<p><\/font><\/td>\n<td width=400><font color=\"678060\"><\/p>\n<div align=\"center\">\n<b>Samedi 2 juin<\/b><br \/>\n<i>Sainte Blandine<\/i><br \/>\n17 h &#8211;  A Voulangis : Bapt\u00eame de Laura GEISLER.<br \/>\n18 h 30 &#8211; \u00e0 Villiers : messe pour Raymonde LEROUX.<\/p>\n<p><b>Dimanche 3 juin<\/b> <br \/> <br \/>\n<i>SAINT SACREMENT  &#8211; Le Corps et le Sang du Christ<\/i><br \/>\n9 h 45 &#8211; Messe \u00e0 la Coll\u00e9giale pour Brigitte VALLEE et Patrick LANDRIN inhum\u00e9s r\u00e9cemment  &#8211; Bapt\u00eame de Lorys LEMAITRE et Mathilde BOISSOT.<\/p>\n<p>A la fin des messes de ce samedi et dimanche, VENTE DE GATEAUX au profit du SECOURS CATHOLIQUE pour participer au projet \u00ab\u00a0VACANCES\u00a0\u00bb pour des personnes d\u00e9munies.\n<\/p><\/div>\n<p><\/font><\/td>\n<\/tr>\n<\/tbody>\n<\/table>\n<\/div>\n","protected":false},"excerpt":{"rendered":"<p>Voici les annonces de la p\u00e9riode du lundi 28 au dimanche 3 juin 2018 pour la paroisse des 3 clochers Cr\u00e9cy-la-Chapelle, Villiers-sur-Morin, Voulangis. Samedi 2 juin \u00e0\u00a0 18 h 30, messe \u00e0\u00a0 Villiers ,&#46;&#46;&#46;<\/p>\n","protected":false},"author":2,"featured_media":0,"comment_status":"open","ping_status":"open","sticky":false,"template":"","format":"standard","meta":{"footnotes":""},"categories":[],"tags":[],"class_list":["post-1150","post","type-post","status-publish","format-standard","hentry"],"_links":{"self":[{"href":"http:\/\/www.chapelle-crecy.com\/index.php?rest_route=\/wp\/v2\/posts\/1150","targetHints":{"allow":["GET"]}}],"collection":[{"href":"http:\/\/www.chapelle-crecy.com\/index.php?rest_route=\/wp\/v2\/posts"}],"about":[{"href":"http:\/\/www.chapelle-crecy.com\/index.php?rest_route=\/wp\/v2\/types\/post"}],"author":[{"embeddable":true,"href":"http:\/\/www.chapelle-crecy.com\/index.php?rest_route=\/wp\/v2\/users\/2"}],"replies":[{"embeddable":true,"href":"http:\/\/www.chapelle-crecy.com\/index.php?rest_route=%2Fwp%2Fv2%2Fcomments&post=1150"}],"version-history":[{"count":0,"href":"http:\/\/www.chapelle-crecy.com\/index.php?rest_route=\/wp\/v2\/posts\/1150\/revisions"}],"wp:attachment":[{"href":"http:\/\/www.chapelle-crecy.com\/index.php?rest_route=%2Fwp%2Fv2%2Fmedia&parent=1150"}],"wp:term":[{"taxonomy":"category","embeddable":true,"href":"http:\/\/www.chapelle-crecy.com\/index.php?rest_route=%2Fwp%2Fv2%2Fcategories&post=1150"},{"taxonomy":"post_tag","embeddable":true,"href":"http:\/\/www.chapelle-crecy.com\/index.php?rest_route=%2Fwp%2Fv2%2Ftags&post=1150"}],"curies":[{"name":"wp","href":"https:\/\/api.w.org\/{rel}","templated":true}]}}