{"id":1151,"date":"2018-05-28T11:33:00","date_gmt":"2018-05-28T11:33:00","guid":{"rendered":""},"modified":"-0001-11-30T00:00:00","modified_gmt":"-0001-11-29T22:00:00","slug":"","status":"publish","type":"post","link":"http:\/\/www.chapelle-crecy.com\/?p=1151","title":{"rendered":"Professions de foi 2018"},"content":{"rendered":"<div align=\"justify\">Comme l&rsquo;avait annonc\u00e9 le P\u00e8re Aim\u00e9 lors de la messe de la Profession de foi, veuillez trouver ci-apr\u00e8s l&rsquo;ensemble des photos qui ont \u00e9t\u00e9 prises lors de la remise des croix le 19 mai en l&rsquo;\u00e9glise St Pierre de Voulangis et pendant la tr\u00e8s belle c\u00e9r\u00e9monie en la Coll\u00e9giale ND de l&rsquo;Assomption de Cr\u00e9cy-la-Chapelle du dimanche 20 mai.<br \/>\nNous vous souhaitons un bon visionnage et vous assurons de nos pri\u00e8res pour vos enfants et leurs familles.<\/p>\n<p>https:\/\/photos.app.goo.gl\/acKj24AZINKlFbHz2<\/p>\n<p>Pour plus de pr\u00e9cisions, n&rsquo;h\u00e9sitez pas nous contacter au num\u00e9ro suivant: 06-52-28-28-02.<\/p>\n<p>L&rsquo;\u00e9quipe des cat\u00e9chistes et de l&rsquo;animation paroissiale du secteur de Cr\u00e9cy-la-Chapelle\n<\/p><\/div>\n","protected":false},"excerpt":{"rendered":"<p>Comme l&rsquo;avait annonc\u00e9 le P\u00e8re Aim\u00e9 lors de la messe de la Profession de foi, veuillez trouver ci-apr\u00e8s l&rsquo;ensemble des photos qui ont \u00e9t\u00e9 prises lors de la remise des croix le 19 mai&#46;&#46;&#46;<\/p>\n","protected":false},"author":2,"featured_media":0,"comment_status":"open","ping_status":"open","sticky":false,"template":"","format":"standard","meta":{"footnotes":""},"categories":[],"tags":[],"class_list":["post-1151","post","type-post","status-publish","format-standard","hentry"],"_links":{"self":[{"href":"http:\/\/www.chapelle-crecy.com\/index.php?rest_route=\/wp\/v2\/posts\/1151","targetHints":{"allow":["GET"]}}],"collection":[{"href":"http:\/\/www.chapelle-crecy.com\/index.php?rest_route=\/wp\/v2\/posts"}],"about":[{"href":"http:\/\/www.chapelle-crecy.com\/index.php?rest_route=\/wp\/v2\/types\/post"}],"author":[{"embeddable":true,"href":"http:\/\/www.chapelle-crecy.com\/index.php?rest_route=\/wp\/v2\/users\/2"}],"replies":[{"embeddable":true,"href":"http:\/\/www.chapelle-crecy.com\/index.php?rest_route=%2Fwp%2Fv2%2Fcomments&post=1151"}],"version-history":[{"count":0,"href":"http:\/\/www.chapelle-crecy.com\/index.php?rest_route=\/wp\/v2\/posts\/1151\/revisions"}],"wp:attachment":[{"href":"http:\/\/www.chapelle-crecy.com\/index.php?rest_route=%2Fwp%2Fv2%2Fmedia&parent=1151"}],"wp:term":[{"taxonomy":"category","embeddable":true,"href":"http:\/\/www.chapelle-crecy.com\/index.php?rest_route=%2Fwp%2Fv2%2Fcategories&post=1151"},{"taxonomy":"post_tag","embeddable":true,"href":"http:\/\/www.chapelle-crecy.com\/index.php?rest_route=%2Fwp%2Fv2%2Ftags&post=1151"}],"curies":[{"name":"wp","href":"https:\/\/api.w.org\/{rel}","templated":true}]}}