{"id":1152,"date":"2018-06-01T13:55:58","date_gmt":"2018-06-01T13:55:58","guid":{"rendered":""},"modified":"-0001-11-30T00:00:00","modified_gmt":"-0001-11-29T22:00:00","slug":"","status":"publish","type":"post","link":"http:\/\/www.chapelle-crecy.com\/?p=1152","title":{"rendered":"Premi\u00e8res communions 2018"},"content":{"rendered":"<div align=\"justify\">Le jour de la f\u00eate des m\u00e8res, treize enfants de notre secteur paroissial recevaient, des mains du P\u00e8re Aim\u00e9, le corps de J\u00e9sus pour la premi\u00e8re fois de leur vie. Cette journ\u00e9e restera pour eux, \u00e0\u00a0 coup s\u00fbr, inoubliable.<br \/>\nNous vous proposons de revivre les plus grands moments de cette magnifique c\u00e9l\u00e9bration en images. Nous esp\u00e9rons que ces enfants continueront \u00e0\u00a0 cheminer dans la foi, comme ils l&rsquo;ont si bien exprim\u00e9s au cours de la pri\u00e8re universelle: <\/p>\n<p>https:\/\/photos.app.goo.gl\/ggNxwOuriH2PAoUz1<\/p>\n<p>Pour plus de pr\u00e9cisions, n&rsquo;h\u00e9sitez pas nous contacter au num\u00e9ro suivant: 06-52-28-28-02.<\/p>\n<p>L&rsquo;\u00e9quipe des cat\u00e9chistes et l&rsquo;\u00e9quipe d&rsquo;animation paroissiale du secteur de Cr\u00e9cy-la-Chapelle\n<\/p><\/div>\n","protected":false},"excerpt":{"rendered":"<p>Le jour de la f\u00eate des m\u00e8res, treize enfants de notre secteur paroissial recevaient, des mains du P\u00e8re Aim\u00e9, le corps de J\u00e9sus pour la premi\u00e8re fois de leur vie. Cette journ\u00e9e restera pour&#46;&#46;&#46;<\/p>\n","protected":false},"author":2,"featured_media":0,"comment_status":"open","ping_status":"open","sticky":false,"template":"","format":"standard","meta":{"footnotes":""},"categories":[],"tags":[],"class_list":["post-1152","post","type-post","status-publish","format-standard","hentry"],"_links":{"self":[{"href":"http:\/\/www.chapelle-crecy.com\/index.php?rest_route=\/wp\/v2\/posts\/1152","targetHints":{"allow":["GET"]}}],"collection":[{"href":"http:\/\/www.chapelle-crecy.com\/index.php?rest_route=\/wp\/v2\/posts"}],"about":[{"href":"http:\/\/www.chapelle-crecy.com\/index.php?rest_route=\/wp\/v2\/types\/post"}],"author":[{"embeddable":true,"href":"http:\/\/www.chapelle-crecy.com\/index.php?rest_route=\/wp\/v2\/users\/2"}],"replies":[{"embeddable":true,"href":"http:\/\/www.chapelle-crecy.com\/index.php?rest_route=%2Fwp%2Fv2%2Fcomments&post=1152"}],"version-history":[{"count":0,"href":"http:\/\/www.chapelle-crecy.com\/index.php?rest_route=\/wp\/v2\/posts\/1152\/revisions"}],"wp:attachment":[{"href":"http:\/\/www.chapelle-crecy.com\/index.php?rest_route=%2Fwp%2Fv2%2Fmedia&parent=1152"}],"wp:term":[{"taxonomy":"category","embeddable":true,"href":"http:\/\/www.chapelle-crecy.com\/index.php?rest_route=%2Fwp%2Fv2%2Fcategories&post=1152"},{"taxonomy":"post_tag","embeddable":true,"href":"http:\/\/www.chapelle-crecy.com\/index.php?rest_route=%2Fwp%2Fv2%2Ftags&post=1152"}],"curies":[{"name":"wp","href":"https:\/\/api.w.org\/{rel}","templated":true}]}}