{"id":1155,"date":"2018-06-07T11:04:40","date_gmt":"2018-06-07T11:04:40","guid":{"rendered":""},"modified":"-0001-11-30T00:00:00","modified_gmt":"-0001-11-29T22:00:00","slug":"","status":"publish","type":"post","link":"http:\/\/www.chapelle-crecy.com\/?p=1155","title":{"rendered":"Venez nombreux \u00e0\u00a0 ce concert exceptionnel pour la Paix  en ce dimanche de la f\u00eate des p\u00e8res"},"content":{"rendered":"<div align=\"justify\">\u00ab\u00a0Je vous laisse la paix, dit J\u00e9sus dans son discours d&rsquo;adieux, je vous la laisse en partant, comme un testament spirituel\u00a0\u00bb. Et J\u00e9sus insiste m\u00eame: \u00ab\u00a0Je vous donne ma paix \u00ab\u00a0. La paix qui ne nous quittera pas, c&rsquo;est la paix de J\u00e9sus, sa paix personnelle de Fils de Dieu fait homme.<br \/>\nTous les dimanches, le P\u00e8re Aim\u00e9 r\u00e9p\u00e8te ces 2 phrases de J\u00e9sus, au cours de la messe, juste avant d&rsquo;inviter les fid\u00e8les \u00e0\u00a0 \u00e9changer un geste de paix, une poign\u00e9e de main effectu\u00e9e dans une communion profonde dans laquelle le Christ est pr\u00e9sent.. il s&rsquo;agit bien de l&rsquo;accueil du Christ lui-m\u00eame et du don de sa paix.<br \/>\nC&rsquo;est dans cette perspective de la paix de J\u00e9sus donn\u00e9e \u00e0\u00a0 tous que ce concert de Musique sacr\u00e9e de l&rsquo;Orient \u00e0\u00a0 l&rsquo;Occident sera donn\u00e9 en la somptueuse Coll\u00e9giale de Cr\u00e9cy-la-Chapelle, le dimanche 17 juin \u00e0\u00a0 16h00.<br \/>\nR\u00e9uni autour du Baryton Bachir Chami, l&rsquo;ensemble Musical pour la Paix puise son r\u00e9pertoire dans les cultures : musulmane, juive, chr\u00e9tienne d&rsquo;orient et d&rsquo;occident, protestante et bouddhiste. Un voyage initiatique et musical, sur les routes du moyen orient, du Liban \u00e0\u00a0 l&rsquo;Espagne m\u00e9di\u00e9vale, au coeur des monast\u00e8res gr\u00e9goriens, jusqu&rsquo;aux oeuvres religieuses de Poulenc, Ravel, St Saens<br \/>\nUn ensemble aussi riche musicalement qu&rsquo;humainement, car l&rsquo;\u00e9clectisme de son r\u00e9pertoire, est \u00e0\u00a0 l&rsquo;image de la diversit\u00e9 culturelle de ses chanteurs.<br \/>\nRetrouvez en pi\u00e8ce jointe le programme du concert de ce dimanche de la f\u00eate des p\u00e8res.\n<\/div>\n","protected":false},"excerpt":{"rendered":"<p>\u00ab\u00a0Je vous laisse la paix, dit J\u00e9sus dans son discours d&rsquo;adieux, je vous la laisse en partant, comme un testament spirituel\u00a0\u00bb. Et J\u00e9sus insiste m\u00eame: \u00ab\u00a0Je vous donne ma paix \u00ab\u00a0. La paix qui&#46;&#46;&#46;<\/p>\n","protected":false},"author":2,"featured_media":0,"comment_status":"open","ping_status":"open","sticky":false,"template":"","format":"standard","meta":{"footnotes":""},"categories":[],"tags":[],"class_list":["post-1155","post","type-post","status-publish","format-standard","hentry"],"_links":{"self":[{"href":"http:\/\/www.chapelle-crecy.com\/index.php?rest_route=\/wp\/v2\/posts\/1155","targetHints":{"allow":["GET"]}}],"collection":[{"href":"http:\/\/www.chapelle-crecy.com\/index.php?rest_route=\/wp\/v2\/posts"}],"about":[{"href":"http:\/\/www.chapelle-crecy.com\/index.php?rest_route=\/wp\/v2\/types\/post"}],"author":[{"embeddable":true,"href":"http:\/\/www.chapelle-crecy.com\/index.php?rest_route=\/wp\/v2\/users\/2"}],"replies":[{"embeddable":true,"href":"http:\/\/www.chapelle-crecy.com\/index.php?rest_route=%2Fwp%2Fv2%2Fcomments&post=1155"}],"version-history":[{"count":0,"href":"http:\/\/www.chapelle-crecy.com\/index.php?rest_route=\/wp\/v2\/posts\/1155\/revisions"}],"wp:attachment":[{"href":"http:\/\/www.chapelle-crecy.com\/index.php?rest_route=%2Fwp%2Fv2%2Fmedia&parent=1155"}],"wp:term":[{"taxonomy":"category","embeddable":true,"href":"http:\/\/www.chapelle-crecy.com\/index.php?rest_route=%2Fwp%2Fv2%2Fcategories&post=1155"},{"taxonomy":"post_tag","embeddable":true,"href":"http:\/\/www.chapelle-crecy.com\/index.php?rest_route=%2Fwp%2Fv2%2Ftags&post=1155"}],"curies":[{"name":"wp","href":"https:\/\/api.w.org\/{rel}","templated":true}]}}