{"id":1156,"date":"2018-06-08T20:58:11","date_gmt":"2018-06-08T20:58:11","guid":{"rendered":""},"modified":"-0001-11-30T00:00:00","modified_gmt":"-0001-11-29T22:00:00","slug":"","status":"publish","type":"post","link":"http:\/\/www.chapelle-crecy.com\/?p=1156","title":{"rendered":"Annonces du 11 au 17 juin 2018"},"content":{"rendered":"<div align=\"justify\">Voici les annonces de la p\u00e9riode du lundi 11 au dimanche 17 juin 2018 pour la paroisse des 3 clochers Cr\u00e9cy-la-Chapelle, Villiers-sur-Morin, Voulangis. <\/p>\n<p>Samedi 16 juin  \u00e0\u00a0 18 h 30, pas de messe anticip\u00e9e, <br \/>\nDimanche 17 juin \u00e0\u00a0 9 h 45, messe \u00e0\u00a0 la coll\u00e9giale. <\/p>\n<p>Tous les d\u00e9tails dans la suite &#8230;\n<\/p><\/div>\n<div align=\"center\">\n<table bgcolor =\"FFF6F0\" border=0>\n<tbody>\n<tr>\n<td><font color=\"00CC00\"><\/p>\n<div align=\"center\"><img decoding=\"async\" src=\"\/IMG\/personnes\/antoine.jpg\" width=200><br \/>\n<i>St Antoine de Padoue<\/i><\/div>\n<p><\/font><\/td>\n<td width=400><font color=\"00CC00\"><\/p>\n<div align=\"center\">\n<b>Lundi 11 juin<\/b> <br \/>\n17 h &#8211; Messe \u00e0 la Maison de Retraite.<br \/> <br \/>\n19 h 30 &#8211; R\u00e9union de l&rsquo;EAP, en pr\u00e9sence de l&rsquo;EAP de Quincy.<\/p>\n<p><b>Mardi 12 juin<\/b><br \/>\nPas de messe en paroisse.<\/p>\n<p><b>Mercredi 13 juin<\/b><br \/>\n<i> St Antoine de Padoue<\/i><br \/>\n9 h &#8211;  Messe \u00e0 Cr\u00e9cy pour Simone et Jean BLAVIER.<br \/>\n20 h 30 &#8211; R\u00e9union-Bilan de l&rsquo;Equipe Liturgique.\n<\/div>\n<p><\/font><\/td>\n<\/tr>\n<\/tbody>\n<\/table>\n<p> <\/p>\n<table bgcolor =\"F0F0FF\" border=0>\n<tbody>\n<tr>\n<td width=400><font color=\"678060\"><\/p>\n<div align=\"center\">\n<b>Jeudi 14 juin<\/b><br \/>\nPas de Messe en paroisse.<\/p>\n<p><b>Vendredi 15 juin<\/b><br \/>\n<i>Sainte Germaine<\/i><br \/>\n9 h &#8211; Messe \u00e0 Cr\u00e9cy pour Pierrette DE PENA.\n<\/div>\n<p><\/font><\/td>\n<td><font color=\"678060\"><\/p>\n<div align=\"center\"><img decoding=\"async\" src=\"\/IMG\/personnes\/germaine.jpg\" width=200><br \/><i>Sainte Germaine<\/i><\/div>\n<p><\/font><\/td>\n<\/tr>\n<\/tbody>\n<\/table>\n<p> <\/p>\n<table bgcolor =\"F0FAFA\" border=0>\n<tbody>\n<tr>\n<td><font color=\"678060\"><\/p>\n<div align=\"center\"><img decoding=\"async\" src=\"\/IMG\/personnes\/herve.jpg\" width=200><br \/><i>Saint Herv\u00e9<\/i><\/div>\n<p><\/font><\/td>\n<td width=400><font color=\"678060\"><\/p>\n<div align=\"center\">\n<b>Samedi 16 juin<\/b><br \/>\n11 h &#8211; Bapt\u00eame \u00e0 Voulangis de Myla VANCAMPEN et Alessio DI CATERINA.<br \/>\nPas de messe dominicale anticip\u00e9e \u00e0 Villiers.<\/p>\n<p><b>Dimanche 17 juin<\/b> <br \/> <br \/>\n<i>Saint Herv\u00e9<\/i><br \/>\n9 h 45 &#8211; \u00e0 la Coll\u00e9giale &#8211; MESSE d&rsquo;ACTION DE GRACE<br \/> <br \/>\navec la participation des enfants de la Cat\u00e9ch\u00e8se c\u00e9l\u00e9br\u00e9e pour Philippe CABARET.\n <\/div>\n<p><\/font><\/td>\n<\/tr>\n<\/tbody>\n<\/table>\n<\/div>\n","protected":false},"excerpt":{"rendered":"<p>Voici les annonces de la p\u00e9riode du lundi 11 au dimanche 17 juin 2018 pour la paroisse des 3 clochers Cr\u00e9cy-la-Chapelle, Villiers-sur-Morin, Voulangis. Samedi 16 juin \u00e0\u00a0 18 h 30, pas de messe anticip\u00e9e,&#46;&#46;&#46;<\/p>\n","protected":false},"author":2,"featured_media":0,"comment_status":"open","ping_status":"open","sticky":false,"template":"","format":"standard","meta":{"footnotes":""},"categories":[],"tags":[],"class_list":["post-1156","post","type-post","status-publish","format-standard","hentry"],"_links":{"self":[{"href":"http:\/\/www.chapelle-crecy.com\/index.php?rest_route=\/wp\/v2\/posts\/1156","targetHints":{"allow":["GET"]}}],"collection":[{"href":"http:\/\/www.chapelle-crecy.com\/index.php?rest_route=\/wp\/v2\/posts"}],"about":[{"href":"http:\/\/www.chapelle-crecy.com\/index.php?rest_route=\/wp\/v2\/types\/post"}],"author":[{"embeddable":true,"href":"http:\/\/www.chapelle-crecy.com\/index.php?rest_route=\/wp\/v2\/users\/2"}],"replies":[{"embeddable":true,"href":"http:\/\/www.chapelle-crecy.com\/index.php?rest_route=%2Fwp%2Fv2%2Fcomments&post=1156"}],"version-history":[{"count":0,"href":"http:\/\/www.chapelle-crecy.com\/index.php?rest_route=\/wp\/v2\/posts\/1156\/revisions"}],"wp:attachment":[{"href":"http:\/\/www.chapelle-crecy.com\/index.php?rest_route=%2Fwp%2Fv2%2Fmedia&parent=1156"}],"wp:term":[{"taxonomy":"category","embeddable":true,"href":"http:\/\/www.chapelle-crecy.com\/index.php?rest_route=%2Fwp%2Fv2%2Fcategories&post=1156"},{"taxonomy":"post_tag","embeddable":true,"href":"http:\/\/www.chapelle-crecy.com\/index.php?rest_route=%2Fwp%2Fv2%2Ftags&post=1156"}],"curies":[{"name":"wp","href":"https:\/\/api.w.org\/{rel}","templated":true}]}}