{"id":1160,"date":"2018-07-01T20:42:14","date_gmt":"2018-07-01T20:42:14","guid":{"rendered":""},"modified":"-0001-11-30T00:00:00","modified_gmt":"-0001-11-29T22:00:00","slug":"","status":"publish","type":"post","link":"http:\/\/www.chapelle-crecy.com\/?p=1160","title":{"rendered":"Annonces du 2 au 8 juillet 2018"},"content":{"rendered":"<div align=\"justify\">Voici les annonces de la p\u00e9riode du lundi 2 au dimanche 8 juillet 2018 pour la paroisse des 3 clochers Cr\u00e9cy-la-Chapelle, Villiers-sur-Morin, Voulangis. <\/p>\n<p>\nDimanche 9 juillet \u00e0\u00a0 9 h 45, messe \u00e0\u00a0 Cr\u00e9cy. <\/p>\n<p>Tous les d\u00e9tails dans la suite &#8230;\n<\/p><\/div>\n<div align=\"center\">\n<table bgcolor =\"FFF6F0\" border=0>\n<tbody>\n<tr>\n<td><font color=\"00CC00\"><\/p>\n<div align=\"center\"><img decoding=\"async\" src=\"\/IMG\/personnes\/thomas.jpg\" width=200><br \/>\n<i>Saint Thomas<\/i><\/div>\n<p><\/font><\/td>\n<td width=400><font color=\"00CC00\"><\/p>\n<div align=\"center\">\n<b>Lundi 2 juillet<\/b> <br \/>\n17 h &#8211; Messe \u00e0 la Maison de Retraite.<\/p>\n<p><b>Mardi 3 juillet<\/b><br \/>\n<i>Saint Thomas<\/i><br \/>\n18 h &#8211; Messe \u00e0 Cr\u00e9cy pour Patrick RIVALAN.<\/p>\n<p><b>Mercredi 4 juillet<\/b><br \/>\n9 h &#8211; Messe \u00e0 Cr\u00e9cy pour Dominique BERGAMASCHI.\n<\/div>\n<p><\/font><\/td>\n<\/tr>\n<\/tbody>\n<\/table>\n<p> <\/p>\n<table bgcolor =\"F0F0FF\" border=0>\n<tbody>\n<tr>\n<td width=400><font color=\"678060\"><\/p>\n<div align=\"center\">\n<b>Jeudi 5 juillet<\/b><\/p>\n<p>18 h &#8211; Messe \u00e0 Cr\u00e9cy pour Yvette MARILLIER.<\/p>\n<p><b>Vendredi 6 juillet<\/b><br \/>\n<i>Ste Maria Goretti<\/i><br \/>\n9 h &#8211; Messe \u00e0 Cr\u00e9cy pour Jeannette CLAPTIEN.<br \/>\nde 9 h30 \u00e0 10 h : adoration du St Sacrement.\n<\/div>\n<p><\/font><\/td>\n<td><font color=\"678060\"><\/p>\n<div align=\"center\"><img decoding=\"async\" src=\"\/IMG\/personnes\/maria_goretti.jpg\" width=200><br \/><i>Ste Maria Goretti<\/i><\/div>\n<p><\/font><\/td>\n<\/tr>\n<\/tbody>\n<\/table>\n<p> <\/p>\n<table bgcolor =\"F0FAFA\" border=0>\n<tbody>\n<tr>\n<td><font color=\"678060\"><\/p>\n<div align=\"center\"><img decoding=\"async\" src=\"\/IMG\/personnes\/edgar.jpg\" width=200><br \/><i><i>Saint Edgar<\/i><br \/><\/i><\/div>\n<p><\/font><\/td>\n<td width=400><font color=\"678060\"><\/p>\n<div align=\"center\">\n<b>Samedi 8 juillet<\/b><br \/>\n<i>Saint Edgar<\/i><br \/>\n18 h 30 &#8211; Pas de Messe en paroisse.<\/p>\n<p><b>Dimanche 9 juillet<\/b> <br \/> <br \/>\n9 h 45 &#8211; Messe \u00e0 Cr\u00e9cy pour lMaryvonne MATHONNET.<br \/>\nBapt\u00eame d&rsquo;Abby DELAITRE et Maxence MARCHAL\n <\/div>\n<p><\/font><\/td>\n<\/tr>\n<\/tbody>\n<\/table>\n<\/div>\n","protected":false},"excerpt":{"rendered":"<p>Voici les annonces de la p\u00e9riode du lundi 2 au dimanche 8 juillet 2018 pour la paroisse des 3 clochers Cr\u00e9cy-la-Chapelle, Villiers-sur-Morin, Voulangis. Dimanche 9 juillet \u00e0\u00a0 9 h 45, messe \u00e0\u00a0 Cr\u00e9cy. Tous&#46;&#46;&#46;<\/p>\n","protected":false},"author":2,"featured_media":0,"comment_status":"open","ping_status":"open","sticky":false,"template":"","format":"standard","meta":{"footnotes":""},"categories":[],"tags":[],"class_list":["post-1160","post","type-post","status-publish","format-standard","hentry"],"_links":{"self":[{"href":"http:\/\/www.chapelle-crecy.com\/index.php?rest_route=\/wp\/v2\/posts\/1160","targetHints":{"allow":["GET"]}}],"collection":[{"href":"http:\/\/www.chapelle-crecy.com\/index.php?rest_route=\/wp\/v2\/posts"}],"about":[{"href":"http:\/\/www.chapelle-crecy.com\/index.php?rest_route=\/wp\/v2\/types\/post"}],"author":[{"embeddable":true,"href":"http:\/\/www.chapelle-crecy.com\/index.php?rest_route=\/wp\/v2\/users\/2"}],"replies":[{"embeddable":true,"href":"http:\/\/www.chapelle-crecy.com\/index.php?rest_route=%2Fwp%2Fv2%2Fcomments&post=1160"}],"version-history":[{"count":0,"href":"http:\/\/www.chapelle-crecy.com\/index.php?rest_route=\/wp\/v2\/posts\/1160\/revisions"}],"wp:attachment":[{"href":"http:\/\/www.chapelle-crecy.com\/index.php?rest_route=%2Fwp%2Fv2%2Fmedia&parent=1160"}],"wp:term":[{"taxonomy":"category","embeddable":true,"href":"http:\/\/www.chapelle-crecy.com\/index.php?rest_route=%2Fwp%2Fv2%2Fcategories&post=1160"},{"taxonomy":"post_tag","embeddable":true,"href":"http:\/\/www.chapelle-crecy.com\/index.php?rest_route=%2Fwp%2Fv2%2Ftags&post=1160"}],"curies":[{"name":"wp","href":"https:\/\/api.w.org\/{rel}","templated":true}]}}