{"id":1163,"date":"2018-07-21T22:18:06","date_gmt":"2018-07-21T22:18:06","guid":{"rendered":""},"modified":"-0001-11-30T00:00:00","modified_gmt":"-0001-11-29T22:00:00","slug":"","status":"publish","type":"post","link":"http:\/\/www.chapelle-crecy.com\/?p=1163","title":{"rendered":"Annonces du 23 au 29 juillet 2018"},"content":{"rendered":"<div align=\"justify\">Voici les annonces de la p\u00e9riode du lundi 23 au dimanche 29 juillet 2018 pour la paroisse des 3 clochers Cr\u00e9cy-la-Chapelle, Villiers-sur-Morin, Voulangis. <\/p>\n<p>\nDimanche 29 juillet \u00e0\u00a0 9 h 45, messe \u00e0\u00a0 Cr\u00e9cy. <\/p>\n<p>Tous les d\u00e9tails dans la suite &#8230;\n<\/p><\/div>\n<div align=\"center\">\n<table bgcolor =\"FFF6F0\" border=0>\n<tbody>\n<tr>\n<td><font color=\"00CC00\"><\/p>\n<div align=\"center\"><img decoding=\"async\" src=\"\/IMG\/personnes\/jacques_majeur.jpg\" width=200><br \/>\n<i>Saint Jacques<\/i><\/div>\n<p><\/font><\/td>\n<td width=400><font color=\"00CC00\"><\/p>\n<div align=\"center\">\n<b>Lundi 23 juillet<\/b> <br \/>\n17 h &#8211; Messe \u00e0 la Maison de Retraite.<\/p>\n<p><b>Mardi 24 juillet<\/b><br \/>\n18 h &#8211; Messe \u00e0 Cr\u00e9cy.<\/p>\n<p><b>Mercredi 25 juillet<\/b><br \/>\n<i>Saint Jacques<\/i><br \/>\n9 h &#8211; Messe \u00e0 Cr\u00e9cy.\n<\/div>\n<p><\/font><\/td>\n<\/tr>\n<\/tbody>\n<\/table>\n<p> <\/p>\n<table bgcolor =\"F0F0FF\" border=0>\n<tbody>\n<tr>\n<td><font color=\"678060\"><\/p>\n<div align=\"center\"><img decoding=\"async\" src=\"\/IMG\/personnes\/marthe.jpg\" width=200><br \/><i><i>Sainte Marthe<\/i><br \/><\/i><\/div>\n<p><\/font><\/td>\n<td width=400><font color=\"678060\"><\/p>\n<div align=\"center\">\n<b>Jeudi 26 juillet<\/b><br \/>\n<i>Sainte Anne et Saint Joachim<\/i><br \/>\nPas de messe en paroisse.<\/p>\n<p><b>Vendredi 27 juillet<\/b><br \/>\n9 h &#8211; Messe \u00e0 Cr\u00e9cy.<\/p>\n<p><b>Samedi 28 juillet<\/b><br \/>\nPas de Messe en paroisse.<br \/>\n17h &#8211; Bapt\u00eame de L\u00e9ana GANET \u00e0 Cr\u00e9cy.<\/p>\n<p><b>Dimanche 29 juillet<\/b> <br \/> <br \/>\n<i>Sainte Marthe<\/i><br \/>\n9 h 45 &#8211; Messe \u00e0 Cr\u00e9cy.\n <\/div>\n<p><\/font><\/td>\n<\/tr>\n<\/tbody>\n<\/table>\n<\/div>\n","protected":false},"excerpt":{"rendered":"<p>Voici les annonces de la p\u00e9riode du lundi 23 au dimanche 29 juillet 2018 pour la paroisse des 3 clochers Cr\u00e9cy-la-Chapelle, Villiers-sur-Morin, Voulangis. Dimanche 29 juillet \u00e0\u00a0 9 h 45, messe \u00e0\u00a0 Cr\u00e9cy. Tous&#46;&#46;&#46;<\/p>\n","protected":false},"author":2,"featured_media":0,"comment_status":"open","ping_status":"open","sticky":false,"template":"","format":"standard","meta":{"footnotes":""},"categories":[],"tags":[],"class_list":["post-1163","post","type-post","status-publish","format-standard","hentry"],"_links":{"self":[{"href":"http:\/\/www.chapelle-crecy.com\/index.php?rest_route=\/wp\/v2\/posts\/1163","targetHints":{"allow":["GET"]}}],"collection":[{"href":"http:\/\/www.chapelle-crecy.com\/index.php?rest_route=\/wp\/v2\/posts"}],"about":[{"href":"http:\/\/www.chapelle-crecy.com\/index.php?rest_route=\/wp\/v2\/types\/post"}],"author":[{"embeddable":true,"href":"http:\/\/www.chapelle-crecy.com\/index.php?rest_route=\/wp\/v2\/users\/2"}],"replies":[{"embeddable":true,"href":"http:\/\/www.chapelle-crecy.com\/index.php?rest_route=%2Fwp%2Fv2%2Fcomments&post=1163"}],"version-history":[{"count":0,"href":"http:\/\/www.chapelle-crecy.com\/index.php?rest_route=\/wp\/v2\/posts\/1163\/revisions"}],"wp:attachment":[{"href":"http:\/\/www.chapelle-crecy.com\/index.php?rest_route=%2Fwp%2Fv2%2Fmedia&parent=1163"}],"wp:term":[{"taxonomy":"category","embeddable":true,"href":"http:\/\/www.chapelle-crecy.com\/index.php?rest_route=%2Fwp%2Fv2%2Fcategories&post=1163"},{"taxonomy":"post_tag","embeddable":true,"href":"http:\/\/www.chapelle-crecy.com\/index.php?rest_route=%2Fwp%2Fv2%2Ftags&post=1163"}],"curies":[{"name":"wp","href":"https:\/\/api.w.org\/{rel}","templated":true}]}}