{"id":1164,"date":"2018-07-28T14:21:28","date_gmt":"2018-07-28T14:21:28","guid":{"rendered":""},"modified":"-0001-11-30T00:00:00","modified_gmt":"-0001-11-29T22:00:00","slug":"","status":"publish","type":"post","link":"http:\/\/www.chapelle-crecy.com\/?p=1164","title":{"rendered":"Annonces du 30 juillet au 12 aout 2018"},"content":{"rendered":"<div align=\"justify\">Voici les annonces de la p\u00e9riode du lundi 30 juillet au dimanche 12 aout 2018 pour la paroisse des 3 clochers Cr\u00e9cy-la-Chapelle, Villiers-sur-Morin, Voulangis. <\/p>\n<p>\nDimanche 5 aout \u00e0\u00a0 9 h 45, messe \u00e0\u00a0 Cr\u00e9cy. <\/p>\n<p>Samedi 11 aout \u00e0\u00a0 18h30, messe \u00e0\u00a0 Cr\u00e9cy<br \/>\nTous les d\u00e9tails dans la suite &#8230;\n<\/div>\n<div align=\"center\">\n<table bgcolor =\"FFF6F0\" border=0>\n<tbody>\n<tr>\n<td><font color=\"00CC00\"><\/p>\n<div align=\"center\"><img decoding=\"async\" src=\"\/IMG\/personnes\/juliette.jpg\" width=200><br \/>\n<i>Sainte Juliette de C\u00e9sar\u00e9e<\/i><\/div>\n<p><\/font><\/td>\n<td width=400><font color=\"00CC00\"><\/p>\n<div align=\"center\">\n<b>Lundi 30 juillet<\/b> <br \/>\n<i>Sainte Juliette de C\u00e9sar\u00e9e<\/i><br \/>\n17 h &#8211; C\u00e9l\u00e9bration \u00e0 la Maison de Retraite.<\/p>\n<p><b> Mardi 31 juillet, mercredi 1er et jeudi 2 aout<\/b><br \/>\n18 h &#8211; C\u00e9l\u00e9bration \u00e0 Cr\u00e9cy.<\/p>\n<p><b>Vendredi 3 aout<\/b><br \/>\n9 h &#8211; C\u00e9l\u00e9bration \u00e0 Cr\u00e9cy <br \/>\n de 9 h 30 \u00e0 10 h : Adoration du Saint Sacrement : <\/p>\n<p> <br \/>\n<b>Dimanche 5 aout<\/b> <br \/> <br \/>\n<i>Saint Abel de Reims<\/i><br \/>\n9 h 45 &#8211; Messe \u00e0 Cr\u00e9cy pour Maurice MEUNIER et Constant FERTE.\n <\/div>\n<p><\/font><\/td>\n<\/tr>\n<\/tbody>\n<\/table>\n<table bgcolor =\"F0F0FF\" border=0>\n<tbody>\n<tr>\n<td width=400><font color=\"0000DD\"><\/p>\n<div align=\"center\">\n<b>Lundi 6 aout<\/b> <br \/>\n17 h &#8211; Messe \u00e0 la Maison de Retraite.<\/p>\n<p><b> Mardi 7, mercredi 8, jeudi 9 et vendredi 10 aout<\/b><br \/>\n18 h &#8211; Messe \u00e0 Cr\u00e9cy.<\/p>\n<p><b>Samedi 11 aout<\/b> <br \/> <br \/>\n<i>Sainte Claire<\/i><br \/>\n18 h 30 &#8211; Messe \u00e0 Cr\u00e9cy pour Maryvonne MATHONNET et Catherine RUYDAVETS.<\/p>\n<p><b>Dimanche 12 aout<\/b><\/br><br \/>\nPas de messe en paroisse.\n<\/div>\n<p><\/font><\/td>\n<td><font color=\"0000DD\"><\/p>\n<div align=\"center\"><img decoding=\"async\" src=\"\/IMG\/personnes\/claire.jpg\" width=200><br \/>\n<i>Sainte Claire<\/i><\/div>\n<p><\/font><\/td>\n<\/tr>\n<\/tbody>\n<\/table>\n<\/div>\n","protected":false},"excerpt":{"rendered":"<p>Voici les annonces de la p\u00e9riode du lundi 30 juillet au dimanche 12 aout 2018 pour la paroisse des 3 clochers Cr\u00e9cy-la-Chapelle, Villiers-sur-Morin, Voulangis. Dimanche 5 aout \u00e0\u00a0 9 h 45, messe \u00e0\u00a0 Cr\u00e9cy.&#46;&#46;&#46;<\/p>\n","protected":false},"author":2,"featured_media":0,"comment_status":"open","ping_status":"open","sticky":false,"template":"","format":"standard","meta":{"footnotes":""},"categories":[],"tags":[],"class_list":["post-1164","post","type-post","status-publish","format-standard","hentry"],"_links":{"self":[{"href":"http:\/\/www.chapelle-crecy.com\/index.php?rest_route=\/wp\/v2\/posts\/1164","targetHints":{"allow":["GET"]}}],"collection":[{"href":"http:\/\/www.chapelle-crecy.com\/index.php?rest_route=\/wp\/v2\/posts"}],"about":[{"href":"http:\/\/www.chapelle-crecy.com\/index.php?rest_route=\/wp\/v2\/types\/post"}],"author":[{"embeddable":true,"href":"http:\/\/www.chapelle-crecy.com\/index.php?rest_route=\/wp\/v2\/users\/2"}],"replies":[{"embeddable":true,"href":"http:\/\/www.chapelle-crecy.com\/index.php?rest_route=%2Fwp%2Fv2%2Fcomments&post=1164"}],"version-history":[{"count":0,"href":"http:\/\/www.chapelle-crecy.com\/index.php?rest_route=\/wp\/v2\/posts\/1164\/revisions"}],"wp:attachment":[{"href":"http:\/\/www.chapelle-crecy.com\/index.php?rest_route=%2Fwp%2Fv2%2Fmedia&parent=1164"}],"wp:term":[{"taxonomy":"category","embeddable":true,"href":"http:\/\/www.chapelle-crecy.com\/index.php?rest_route=%2Fwp%2Fv2%2Fcategories&post=1164"},{"taxonomy":"post_tag","embeddable":true,"href":"http:\/\/www.chapelle-crecy.com\/index.php?rest_route=%2Fwp%2Fv2%2Ftags&post=1164"}],"curies":[{"name":"wp","href":"https:\/\/api.w.org\/{rel}","templated":true}]}}