{"id":1165,"date":"2018-08-12T19:10:46","date_gmt":"2018-08-12T19:10:46","guid":{"rendered":""},"modified":"-0001-11-30T00:00:00","modified_gmt":"-0001-11-29T22:00:00","slug":"","status":"publish","type":"post","link":"http:\/\/www.chapelle-crecy.com\/?p=1165","title":{"rendered":"Annonces du 13 au 19 aout 2018"},"content":{"rendered":"<div align=\"justify\">Voici les annonces de la p\u00e9riode du lundi 13 au dimanche 19 aout 2018 pour la paroisse des 3 clochers Cr\u00e9cy-la-Chapelle, Villiers-sur-Morin, Voulangis. <\/p>\n<p>\nMercredi 15 aout \u00e0\u00a0 10 h 30, messe  de l&rsquo;Assomption \u00e0\u00a0 la Coll\u00e9giale. <\/p>\n<p>Dimanche 19 aout \u00e0\u00a0 9 h 45, messe \u00e0\u00a0 Cr\u00e9cy<br \/>\nTous les d\u00e9tails dans la suite &#8230;\n<\/div>\n<div align=\"center\">\n<table bgcolor =\"F0F0FF\" border=0>\n<tbody>\n<tr>\n<td width=400><font color=\"0000DD\"><\/p>\n<div align=\"center\">\n<b>Lundi 13 aout<\/b> <br \/>\n17 h &#8211; C\u00e9l\u00e9bration \u00e0 la Maison de Retraite.<\/p>\n<p><b> Mardi 14 aout<\/b><br \/>\n18 h &#8211; C\u00e9l\u00e9bration \u00e0 Cr\u00e9cy.<\/p>\n<p><b>Mercredi 15 aout<\/b> <br \/> <br \/>\n<i>Solennit\u00e9 de l&rsquo;ASSOMPTION<\/i><br \/>\n10 h 30 &#8211;  Messe \u00e0 la Coll\u00e9giale<br \/>\nNous prierons pour Pierre-Emmanuel et Jacques SURZAC.\n<\/div>\n<p><\/font><\/td>\n<td><font color=\"0000DD\"><\/p>\n<div align=\"center\"><img decoding=\"async\" src=\"\/IMG\/lieux\/lourdes11.jpg\" width=200><br \/>\n<i>L&rsquo;assomption<\/i><\/div>\n<p><\/font><\/td>\n<\/tr>\n<\/tbody>\n<\/table>\n<table bgcolor =\"F0FFF0\" border=0>\n<tbody>\n<tr>\n<td><font color=\"00FF44\"><\/p>\n<div align=\"center\"><img decoding=\"async\" src=\"\/IMG\/personnes\/helene.jpg\" width=200><br \/>\n<i>Sainte H\u00e9l\u00e8ne<\/i><\/div>\n<p><\/font><\/td>\n<td width=400><font color=\"00FF44\"><\/p>\n<div align=\"center\">\n<b>Jeudi 16 aout<\/b> <br \/>\n18 h &#8211; Messe \u00e0 Cr\u00e9cy pour Pascal CARTIER.<\/p>\n<p><b> Vendredi 17 aout<\/b><br \/>\n9 h &#8211; \u00e0 Cr\u00e9cy Messe anniversaire pour Conrad CARPANEDO.<\/p>\n<p><b>Samedi 18 aout<\/b> <br \/> <br \/>\n<i>Sainte H\u00e9l\u00e8ne<\/i><br \/>\n16  h &#8211; Mariage \u00e0 la Coll\u00e9giale de Ranu Ja ABOU-SAAD et Julia MARCHAND.<\/p>\n<p> <br \/>\n<b>Dimanche 19 aout<\/b><br \/>\n9 h 45  A Cr\u00e9cy, Messe anniversaire pour Mauricette et Andr\u00e9 CHAMPIN. Elle est \u00e9galement c\u00e9l\u00e9br\u00e9e pour Lucienne BLAVIER.\n<\/div>\n<p><\/font><\/td>\n<\/tr>\n<\/tbody>\n<\/table>\n<\/div>\n","protected":false},"excerpt":{"rendered":"<p>Voici les annonces de la p\u00e9riode du lundi 13 au dimanche 19 aout 2018 pour la paroisse des 3 clochers Cr\u00e9cy-la-Chapelle, Villiers-sur-Morin, Voulangis. Mercredi 15 aout \u00e0\u00a0 10 h 30, messe de l&rsquo;Assomption \u00e0\u00a0&#46;&#46;&#46;<\/p>\n","protected":false},"author":2,"featured_media":0,"comment_status":"open","ping_status":"open","sticky":false,"template":"","format":"standard","meta":{"footnotes":""},"categories":[],"tags":[],"class_list":["post-1165","post","type-post","status-publish","format-standard","hentry"],"_links":{"self":[{"href":"http:\/\/www.chapelle-crecy.com\/index.php?rest_route=\/wp\/v2\/posts\/1165","targetHints":{"allow":["GET"]}}],"collection":[{"href":"http:\/\/www.chapelle-crecy.com\/index.php?rest_route=\/wp\/v2\/posts"}],"about":[{"href":"http:\/\/www.chapelle-crecy.com\/index.php?rest_route=\/wp\/v2\/types\/post"}],"author":[{"embeddable":true,"href":"http:\/\/www.chapelle-crecy.com\/index.php?rest_route=\/wp\/v2\/users\/2"}],"replies":[{"embeddable":true,"href":"http:\/\/www.chapelle-crecy.com\/index.php?rest_route=%2Fwp%2Fv2%2Fcomments&post=1165"}],"version-history":[{"count":0,"href":"http:\/\/www.chapelle-crecy.com\/index.php?rest_route=\/wp\/v2\/posts\/1165\/revisions"}],"wp:attachment":[{"href":"http:\/\/www.chapelle-crecy.com\/index.php?rest_route=%2Fwp%2Fv2%2Fmedia&parent=1165"}],"wp:term":[{"taxonomy":"category","embeddable":true,"href":"http:\/\/www.chapelle-crecy.com\/index.php?rest_route=%2Fwp%2Fv2%2Fcategories&post=1165"},{"taxonomy":"post_tag","embeddable":true,"href":"http:\/\/www.chapelle-crecy.com\/index.php?rest_route=%2Fwp%2Fv2%2Ftags&post=1165"}],"curies":[{"name":"wp","href":"https:\/\/api.w.org\/{rel}","templated":true}]}}