{"id":1167,"date":"2018-08-26T09:44:30","date_gmt":"2018-08-26T09:44:30","guid":{"rendered":""},"modified":"-0001-11-30T00:00:00","modified_gmt":"-0001-11-29T22:00:00","slug":"","status":"publish","type":"post","link":"http:\/\/www.chapelle-crecy.com\/?p=1167","title":{"rendered":"Annonces du 27 aout au 2 septembre 2018"},"content":{"rendered":"<div align=\"justify\">Voici les annonces de la p\u00e9riode du lundi 27 au dimanche 2 septembre 2018 pour la paroisse des 3 clochers Cr\u00e9cy-la-Chapelle, Villiers-sur-Morin, Voulangis. <\/p>\n<p><\/p>\n<p>Samedi 1er septembre, messe \u00e0\u00a0 18 h 30 \u00e0\u00a0 Villiers,<br \/>\nDimanche 2 \u00e0\u00a0 9 h 45, messe \u00e0\u00a0 la coll\u00e9giale<br \/>\nTous les d\u00e9tails dans la suite &#8230;\n<\/div>\n<div align=\"center\">\n<table bgcolor =\"F0F0FF\" border=0>\n<tbody>\n<tr>\n<td width=400><font color=\"0000DD\"><\/p>\n<div align=\"center\">\n<b>Lundi 27 aout<\/b> <br \/>\n17 h &#8211; C\u00e9l\u00e9bration \u00e0 la Maison de Retraite.<\/p>\n<p><b> Mardi 28 aout, mercredi 29, jeudi 30 et vendredi 1er septembre<\/b><br \/>\n18 h &#8211; C\u00e9l\u00e9bration \u00e0 Cr\u00e9cy.<\/p>\n<\/div>\n<p><\/font><\/td>\n<td><font color=\"0000DD\"><\/p>\n<div align=\"center\"><img decoding=\"async\" src=\"\/IMG\/personnes\/fiacre06.jpg\" width=200><br \/>\n<i>Saint Fiacre f\u00eat\u00e9 le 30 aout<\/i><\/div>\n<p><\/font><\/td>\n<\/tr>\n<\/tbody>\n<\/table>\n<table bgcolor =\"F0FFF0\" border=0>\n<tbody>\n<tr>\n<td><font color=\"003344\"><\/p>\n<div align=\"center\"><img decoding=\"async\" src=\"\/IMG\/personnes\/loup.jpg\" width=200><br \/>\n<i>Saint Loup<\/i><\/div>\n<p><\/font><\/td>\n<td width=400><font color=\"003344\"><\/p>\n<div align=\"center\">\n<b>Samedi 1er septembre<\/b> <br \/> <br \/>\n<i>Saint loup<\/i><br \/>\n&#8211; 14 h &#8211; Mariage \u00e0 la Coll\u00e9giale : Maxime KRYWECKY et Alexandra LADRECH <br \/>\n&#8211; 16  h &#8211;  Mariage \u00e0 la Coll\u00e9giale : David GREBOVAL et B\u00e9r\u00e9nice CAILLOT.<\/p>\n<p>18 h 30 &#8211; Messe \u00e0 Villiers pour Pierrette DE PENA <\/p>\n<p><b>Dimanche 2 septembre<\/b><br \/>\n9 h 45  &#8211; Messe \u00e0 la Coll\u00e9giale  pour Jos\u00e9 DA SILVA.<\/p>\n<p>\nLes messes du dimanche seront c\u00e9l\u00e9br\u00e9es \u00e0 la COLLEGIALE jusqu&rsquo;au 7 octobre.\n<\/div>\n<p><\/font><\/td>\n<\/tr>\n<\/tbody>\n<\/table>\n<\/div>\n","protected":false},"excerpt":{"rendered":"<p>Voici les annonces de la p\u00e9riode du lundi 27 au dimanche 2 septembre 2018 pour la paroisse des 3 clochers Cr\u00e9cy-la-Chapelle, Villiers-sur-Morin, Voulangis. Samedi 1er septembre, messe \u00e0\u00a0 18 h 30 \u00e0\u00a0 Villiers, Dimanche&#46;&#46;&#46;<\/p>\n","protected":false},"author":2,"featured_media":0,"comment_status":"open","ping_status":"open","sticky":false,"template":"","format":"standard","meta":{"footnotes":""},"categories":[],"tags":[],"class_list":["post-1167","post","type-post","status-publish","format-standard","hentry"],"_links":{"self":[{"href":"http:\/\/www.chapelle-crecy.com\/index.php?rest_route=\/wp\/v2\/posts\/1167","targetHints":{"allow":["GET"]}}],"collection":[{"href":"http:\/\/www.chapelle-crecy.com\/index.php?rest_route=\/wp\/v2\/posts"}],"about":[{"href":"http:\/\/www.chapelle-crecy.com\/index.php?rest_route=\/wp\/v2\/types\/post"}],"author":[{"embeddable":true,"href":"http:\/\/www.chapelle-crecy.com\/index.php?rest_route=\/wp\/v2\/users\/2"}],"replies":[{"embeddable":true,"href":"http:\/\/www.chapelle-crecy.com\/index.php?rest_route=%2Fwp%2Fv2%2Fcomments&post=1167"}],"version-history":[{"count":0,"href":"http:\/\/www.chapelle-crecy.com\/index.php?rest_route=\/wp\/v2\/posts\/1167\/revisions"}],"wp:attachment":[{"href":"http:\/\/www.chapelle-crecy.com\/index.php?rest_route=%2Fwp%2Fv2%2Fmedia&parent=1167"}],"wp:term":[{"taxonomy":"category","embeddable":true,"href":"http:\/\/www.chapelle-crecy.com\/index.php?rest_route=%2Fwp%2Fv2%2Fcategories&post=1167"},{"taxonomy":"post_tag","embeddable":true,"href":"http:\/\/www.chapelle-crecy.com\/index.php?rest_route=%2Fwp%2Fv2%2Ftags&post=1167"}],"curies":[{"name":"wp","href":"https:\/\/api.w.org\/{rel}","templated":true}]}}