{"id":1168,"date":"2018-08-31T12:57:52","date_gmt":"2018-08-31T12:57:52","guid":{"rendered":""},"modified":"-0001-11-30T00:00:00","modified_gmt":"-0001-11-29T22:00:00","slug":"","status":"publish","type":"post","link":"http:\/\/www.chapelle-crecy.com\/?p=1168","title":{"rendered":"Annonces du 3 au 9 septembre 2018"},"content":{"rendered":"<div align=\"justify\">Voici les annonces de la p\u00e9riode du lundi 3 au dimanche 9 septembre 2018 pour la paroisse des 3 clochers Cr\u00e9cy-la-Chapelle, Villiers-sur-Morin, Voulangis. <\/p>\n<p><\/p>\n<p>Samedi 8 septembre, messe \u00e0\u00a0 18 h 30 \u00e0\u00a0 Voulangis,<br \/>\nDimanche 9 \u00e0\u00a0 9 h 45, messe \u00e0\u00a0 la coll\u00e9giale<br \/>\nTous les d\u00e9tails dans la suite &#8230;<\/div>\n<div align=\"center\">\n<table bgcolor =\"FFF6F0\" border=0>\n<tbody>\n<tr>\n<td><font color=\"00CC00\"><\/p>\n<div align=\"center\"><img decoding=\"async\" src=\"\/IMG\/personnes\/boniface.jpg\" width=200><br \/>\n<i>Saint Boniface<\/i><\/div>\n<p><\/font><\/td>\n<td width=400><font color=\"00CC00\"><\/p>\n<div align=\"center\">\n<b>Lundi 3 septembre<\/b> <br \/>\n14 h 30 &#8211; R\u00e9union de l&rsquo;\u00e9quipe du Rosaire chez Mme  BACOUP.<br \/>\n17 h &#8211; Messe \u00e0 la Maison de Retraite.<\/p>\n<p><b>Mardi 4 septembre<\/b><br \/>\n<i>Saint Boniface<\/i><br \/>\n18 h &#8211; Messe \u00e0 Cr\u00e9cy pour R\u00e9gine MEUNIER.<\/p>\n<p><b>Mercredi 5 septembre<\/b><br \/>\n9 h &#8211; Messe \u00e0 Cr\u00e9cy.<br \/>\n20 h 30 &#8211; R\u00e9union de l&rsquo;Equipe d&rsquo;ACCUEIL au presbyt\u00e8re.\n<\/div>\n<p><\/font><\/td>\n<\/tr>\n<\/tbody>\n<\/table>\n<p> <\/p>\n<table bgcolor =\"F0F0FF\" border=0>\n<tbody>\n<tr>\n<td width=400><font color=\"678060\"><\/p>\n<div align=\"center\">\n<b>Jeudi 6 septembre<\/b><br \/>\n18 h &#8211; Messe \u00e0 Cr\u00e9cy.<\/p>\n<p><b>Vendredi 7 septembre<\/b><br \/>\n<i>Sainte R\u00e9gine<\/i><br \/>\n9 h &#8211; Messe \u00e0 Cr\u00e9cy<br \/>\nde 9 h 30 \u00e0 10 h &#8211; Adoration du Saint Sacrement.\n<\/div>\n<p><\/font><\/td>\n<td><font color=\"678060\"><\/p>\n<div align=\"center\"><img decoding=\"async\" src=\"\/IMG\/personnes\/regine.jpg\" width=200><br \/><i>Sainte R\u00e9gine<\/i><\/div>\n<p><\/font><\/td>\n<\/tr>\n<\/tbody>\n<\/table>\n<p> <\/p>\n<table bgcolor =\"F0FAFA\" border=0>\n<tbody>\n<tr>\n<td><font color=\"678060\"><\/p>\n<div align=\"center\"><img decoding=\"async\" src=\"\/IMG\/personnes\/frederic_ozanam.jpg\" width=200><br \/><i>Bienheureux Fr\u00e9d\u00e9ric Ozanam<\/i><\/div>\n<p><\/font><\/td>\n<td width=400><font color=\"678060\"><\/p>\n<div align=\"center\">\n<b>Samedi 8 septembre<\/b><br \/>\n16 h &#8211; A la Coll\u00e9giale  : Mariage  d&rsquo;Antony BENVENUTI et Claire LEMOINE.<br \/>\n18 h 30 &#8211; \u00e0 Voulangis Messe anniversaire pour Claude LABE<\/p>\n<p><b>Dimanche 9 septembre<\/b> <br \/> <br \/>\n<i>Bienheureux Fr\u00e9d\u00e9ric Ozanam<\/i><br \/>\n9 h 45 &#8211; Messe \u00e0 la Coll\u00e9giale.<\/p>\n<p>Samedi 8 et dimanche 9 septembre : QUETE SPECIALE pour la PASTORALE DE L&rsquo;enfance et de la JEUNESSE  DU DIOCESE.\n <\/p><\/div>\n<p><\/font><\/td>\n<\/tr>\n<\/tbody>\n<\/table>\n<\/div>\n","protected":false},"excerpt":{"rendered":"<p>Voici les annonces de la p\u00e9riode du lundi 3 au dimanche 9 septembre 2018 pour la paroisse des 3 clochers Cr\u00e9cy-la-Chapelle, Villiers-sur-Morin, Voulangis. Samedi 8 septembre, messe \u00e0\u00a0 18 h 30 \u00e0\u00a0 Voulangis, Dimanche&#46;&#46;&#46;<\/p>\n","protected":false},"author":2,"featured_media":0,"comment_status":"open","ping_status":"open","sticky":false,"template":"","format":"standard","meta":{"footnotes":""},"categories":[],"tags":[],"class_list":["post-1168","post","type-post","status-publish","format-standard","hentry"],"_links":{"self":[{"href":"http:\/\/www.chapelle-crecy.com\/index.php?rest_route=\/wp\/v2\/posts\/1168","targetHints":{"allow":["GET"]}}],"collection":[{"href":"http:\/\/www.chapelle-crecy.com\/index.php?rest_route=\/wp\/v2\/posts"}],"about":[{"href":"http:\/\/www.chapelle-crecy.com\/index.php?rest_route=\/wp\/v2\/types\/post"}],"author":[{"embeddable":true,"href":"http:\/\/www.chapelle-crecy.com\/index.php?rest_route=\/wp\/v2\/users\/2"}],"replies":[{"embeddable":true,"href":"http:\/\/www.chapelle-crecy.com\/index.php?rest_route=%2Fwp%2Fv2%2Fcomments&post=1168"}],"version-history":[{"count":0,"href":"http:\/\/www.chapelle-crecy.com\/index.php?rest_route=\/wp\/v2\/posts\/1168\/revisions"}],"wp:attachment":[{"href":"http:\/\/www.chapelle-crecy.com\/index.php?rest_route=%2Fwp%2Fv2%2Fmedia&parent=1168"}],"wp:term":[{"taxonomy":"category","embeddable":true,"href":"http:\/\/www.chapelle-crecy.com\/index.php?rest_route=%2Fwp%2Fv2%2Fcategories&post=1168"},{"taxonomy":"post_tag","embeddable":true,"href":"http:\/\/www.chapelle-crecy.com\/index.php?rest_route=%2Fwp%2Fv2%2Ftags&post=1168"}],"curies":[{"name":"wp","href":"https:\/\/api.w.org\/{rel}","templated":true}]}}