{"id":117,"date":"2009-05-25T09:55:00","date_gmt":"2009-05-25T09:55:00","guid":{"rendered":""},"modified":"-0001-11-30T00:00:00","modified_gmt":"-0001-11-29T22:00:00","slug":"","status":"publish","type":"post","link":"http:\/\/www.chapelle-crecy.com\/?p=117","title":{"rendered":"Georges ou le fils ain\u00e9"},"content":{"rendered":"<table bgcolor =\"F0FAFF\" border=0>\n<tbody>\n<tr>\n<td>\n<div align=\"justify\">\n<div \"26\">Le mercredi 27 mai \u00e0\u00a0 20h30 \u00e0\u00a0 l&rsquo;espace Horizon \u00e0\u00a0 Ozoir-la-Ferri\u00e8re Spectacle d&rsquo;apr\u00e8s la parabole du fils prodigue. <br \/>Participation aux frais : 6 Euros.<br \/>\nOrganis\u00e9 par la pastorale du lyc\u00e9e Sainte-Th\u00e9r\u00e8se.<br \/>\nR\u00e9servations : 06.26.37.03.06.\n<\/div>\n<\/div>\n<\/td>\n<\/tr>\n<\/tbody>\n<\/table>\n<table bgcolor =\"F0FAFF\" border=0>\n<tbody>\n<tr>\n<td>\n<div align=\"center\">\n<table bgcolor =\"F0FAFF\" border=0>\n<tbody>\n<tr>\n<td>\n<div align=\"center\">\n\u00ab\u00a0Un homme avait deux fils\u00a0\u00bb&#8230; <\/p>\n<p>C&rsquo;est une histoire plus ou moins connue.<\/p>\n<p>C&rsquo;est une histoire<br \/>\nde parodie,<br \/>\nde jalousie,<br \/>\nd&rsquo;\u00e9clats de rire,<br \/>\nde haine,<br \/>\nde guerre,<br \/>\nde com\u00e9die,<br \/>\nde fuite&#8230; <\/p>\n<p>Georges, le fr\u00e8re ain\u00e9, refuse le retour de son fr\u00e8re.<br \/>\n<br \/>\nIl ira m\u00eame jusqu&rsquo;\u00e0 provoquer son P\u00e8re :<br \/>\n<br \/>\n\u00ab\u00a0Puisque tu l&rsquo;as accueilli quand il est rentr\u00e9.<br \/>\n<br \/>\nMoi, maintenant je me barre,<br \/>\n<br \/>\net, c&rsquo;est toi qui viendras me chercher.\u00a0\u00bb<br \/>\n<br \/>\nAvec Georges, nous voyageons<br \/>\n<br \/>\ndu r\u00eave \u00e0 la r\u00e9alit\u00e9,<br \/>\n<br \/>\ndu rire aux pleurs,<br \/>\n<br \/>\nde la d\u00e9rision \u00e0 la v\u00e9rit\u00e9,<br \/>\n<br \/>\nde la cruaut\u00e9 \u00e0 la tendresse,<br \/>\n<br \/>\nde la mort \u00e0 la vie,<br \/>\n<br \/>\ndu murmure \u00e0 la Parole,<br \/>\n<br \/>\nde l&rsquo;errance aux bras du P\u00e8re,<br \/>\n<br \/>\ndu clown \u00e0 l&rsquo;homme. <\/p>\n<p>Histoire d&rsquo;amour et de pardon.<br \/>\n<\/div>\n<\/td>\n<td>\n<div align=\"center\"><img decoding=\"async\" src=\"\/IMG\/culturel\/ozoir2.jpg\" width=400> <\/div>\n<\/td>\n<\/tr>\n<\/tbody>\n<\/table>\n<\/div>\n<div align=\"justify\">Ce spectacle, cr\u00e9\u00e9 en 1993, est fond\u00e9 principalement sur le chapitre 15 de l&rsquo;Evangile selon St Luc : parabole du fils retrouv\u00e9, versets 11 \u00e0 32.<br \/>\n<br \/>\nIl utilise aussi quelques passages de l&rsquo;Ancien Testament dont : le serviteur souffrant Isa\u00efe 42 et 53, le psaume 107, ainsi que la Gen\u00e8se.<br \/>\n<br \/>\nCe spectacle utilise plusieurs techniques th\u00e9\u00e2trales diff\u00e9rentes<br \/>\n<br \/>\nle clown,<br \/>\n<br \/>\nle conteur,<br \/>\n<br \/>\nle bruiteur<br \/>\n<br \/>\net le th\u00e9\u00e2tre de mouvement avec un choeur th\u00e9\u00e2tral. <\/p>\n<p><b>Le clown<\/b> : Vincent utilise le personnage du clown pour jouer le grand fr\u00e8re du fils prodigue\u00e2\u20ac\u00a6 ce personnage se permet tout et va tr\u00e8s loin pour chercher et\u00e2\u20ac\u00a6 trouver l&rsquo;amour du P\u00e8re. <\/p>\n<p><b>Le conteur<\/b> : il est pr\u00e9sent tout au long du spectacle. Il raconte, il proclame, il annonce\u00e2\u20ac\u00a6 avec lui, la Parole est \u00e9coute. <\/p>\n<p><b>Le bruiteur<\/b> : il est un spectacle dans le spectacle \u00e2\u20ac\u00a6 il est pr\u00e9sent de fa\u00e7on tr\u00e8s subtile et discr\u00e8te et pourtant il souligne chaque moment fort du spectacle.  <\/p>\n<p><b>Le choeur<\/b> : \u00e0 la fa\u00e7on du th\u00e9\u00e2tre antique, le choeur compos\u00e9 de 7 com\u00e9diens, nous fait vivre tous les mouvements int\u00e9rieurs de fr\u00e8re a \u00een\u00e9. Il le met en valeur, il souligne chacune de ses questions, chacun de ses \u00e9tats d&rsquo;\u00e2me\u00e2\u20ac\u00a6 Il rythme le parcours du fr\u00e8re a \u00een\u00e9\u00e2\u20ac\u00a6  <\/p>\n<p><b>Dur\u00e9e<\/b> :  environ  1H20<br \/>\n<br \/>\n<b>Troupe<\/b> :  12  jeunes de 15 ans au minimum.<br \/>\n<br \/>\nCe spectacle est donn\u00e9 dans toute la France. Il  est jou\u00e9 dans le cadre de temps forts pour les paroisses, rassemblements d&rsquo;aum\u00f4neries, mouvements chr\u00e9tiens divers, rassemblements oecum\u00e9niques, festivals\u00e2\u20ac\u00a6\n<\/div>\n<\/td>\n<\/tr>\n<\/tbody>\n<\/table>\n","protected":false},"excerpt":{"rendered":"<p>Le mercredi 27 mai \u00e0\u00a0 20h30 \u00e0\u00a0 l&rsquo;espace Horizon \u00e0\u00a0 Ozoir-la-Ferri\u00e8re Spectacle d&rsquo;apr\u00e8s la parabole du fils prodigue. Participation aux frais : 6 Euros. Organis\u00e9 par la pastorale du lyc\u00e9e Sainte-Th\u00e9r\u00e8se. R\u00e9servations : 06.26.37.03.06.&#46;&#46;&#46;<\/p>\n","protected":false},"author":2,"featured_media":0,"comment_status":"open","ping_status":"open","sticky":false,"template":"","format":"standard","meta":{"footnotes":""},"categories":[],"tags":[],"class_list":["post-117","post","type-post","status-publish","format-standard","hentry"],"_links":{"self":[{"href":"http:\/\/www.chapelle-crecy.com\/index.php?rest_route=\/wp\/v2\/posts\/117","targetHints":{"allow":["GET"]}}],"collection":[{"href":"http:\/\/www.chapelle-crecy.com\/index.php?rest_route=\/wp\/v2\/posts"}],"about":[{"href":"http:\/\/www.chapelle-crecy.com\/index.php?rest_route=\/wp\/v2\/types\/post"}],"author":[{"embeddable":true,"href":"http:\/\/www.chapelle-crecy.com\/index.php?rest_route=\/wp\/v2\/users\/2"}],"replies":[{"embeddable":true,"href":"http:\/\/www.chapelle-crecy.com\/index.php?rest_route=%2Fwp%2Fv2%2Fcomments&post=117"}],"version-history":[{"count":0,"href":"http:\/\/www.chapelle-crecy.com\/index.php?rest_route=\/wp\/v2\/posts\/117\/revisions"}],"wp:attachment":[{"href":"http:\/\/www.chapelle-crecy.com\/index.php?rest_route=%2Fwp%2Fv2%2Fmedia&parent=117"}],"wp:term":[{"taxonomy":"category","embeddable":true,"href":"http:\/\/www.chapelle-crecy.com\/index.php?rest_route=%2Fwp%2Fv2%2Fcategories&post=117"},{"taxonomy":"post_tag","embeddable":true,"href":"http:\/\/www.chapelle-crecy.com\/index.php?rest_route=%2Fwp%2Fv2%2Ftags&post=117"}],"curies":[{"name":"wp","href":"https:\/\/api.w.org\/{rel}","templated":true}]}}