{"id":1170,"date":"2018-09-10T17:30:15","date_gmt":"2018-09-10T17:30:15","guid":{"rendered":""},"modified":"-0001-11-30T00:00:00","modified_gmt":"-0001-11-29T22:00:00","slug":"","status":"publish","type":"post","link":"http:\/\/www.chapelle-crecy.com\/?p=1170","title":{"rendered":"Journ\u00e9es du Patrimoine 2018: l&rsquo;\u00e9glise St Georges de Cr\u00e9cy vous ouvre ses portes"},"content":{"rendered":"<div align=\"justify\">A l&rsquo;occasion des Journ\u00e9es Europ\u00e9ennes du Patrimoine, le P\u00e8re Aim\u00e9, Thierry Briane, coordinateur et toute l&rsquo;\u00e9quipe d&rsquo;animation du secteur paroissial de Cr\u00e9cy-la-Chapelle sont heureux de vous inviter \u00e0\u00a0 une visite d&rsquo;exception de l&rsquo;\u00e9glise paroissiale St Georges.<br \/>\nVous y venez r\u00e9guli\u00e8rement pour assister aux offices religieux tous les dimanches, ou chaque fois que vous vous \u00eates aventur\u00e9s au bout de la rue de Penthi\u00e8vre vous avez trouv\u00e9 la grande porte rouge close? Vous \u00eates promeneur, vous vous voulez en savoir plus sur ce monument du patrimoine cr\u00e9\u00e7ois?<br \/>\n<br \/>\nLe programme que Christine vous a concoct\u00e9 est compl\u00e8tement fait pour vous:<br \/>\n<br \/>\n&#8211; Visite libre de l&rsquo;\u00e9glise avec remise d&rsquo;un feuillet \u00ab\u00a0Parcours du visiteur\u00a0\u00bb. Des paroissiens seront pr\u00e9sents pour vous fournir des explications compl\u00e9mentaires sur l&rsquo;historique de l&rsquo;\u00e9glise ou sur quelques curiosit\u00e9s qui valent le d\u00e9tour (vitraux, tableaux, etc.) &#8230;<br \/>\n&#8211; Exposition des objets sacr\u00e9s utilis\u00e9s par le pr\u00eatre, pendant les c\u00e9r\u00e9monies dominicales;<br \/>\n&#8211; Pr\u00e9sentation de v\u00eatements sacerdotaux anciens;<br \/>\n&#8211; Diaporama \u00e9voquant la restauration de l&rsquo;\u00e9glise suite aux inondations de 2016;<br \/>\n&#8211; Parcours et d\u00e9couverte ludique de l&rsquo;\u00e9glise pour les enfants sous forme de quizz;<br \/>\n&#8211; Possibilit\u00e9 de se recueillir et de prier dans la chapelle de la Vierge;<br \/>\n&#8211; Autres surprises &#8230;<br \/>\n<br \/>\nCher visiteur, qui que vous soyez, nous vous souhaitons par avance, la bienvenue. Nous vous attendons nombreux dimanche.\n<\/div>\n","protected":false},"excerpt":{"rendered":"<p>A l&rsquo;occasion des Journ\u00e9es Europ\u00e9ennes du Patrimoine, le P\u00e8re Aim\u00e9, Thierry Briane, coordinateur et toute l&rsquo;\u00e9quipe d&rsquo;animation du secteur paroissial de Cr\u00e9cy-la-Chapelle sont heureux de vous inviter \u00e0\u00a0 une visite d&rsquo;exception de l&rsquo;\u00e9glise paroissiale&#46;&#46;&#46;<\/p>\n","protected":false},"author":2,"featured_media":0,"comment_status":"open","ping_status":"open","sticky":false,"template":"","format":"standard","meta":{"footnotes":""},"categories":[],"tags":[],"class_list":["post-1170","post","type-post","status-publish","format-standard","hentry"],"_links":{"self":[{"href":"http:\/\/www.chapelle-crecy.com\/index.php?rest_route=\/wp\/v2\/posts\/1170","targetHints":{"allow":["GET"]}}],"collection":[{"href":"http:\/\/www.chapelle-crecy.com\/index.php?rest_route=\/wp\/v2\/posts"}],"about":[{"href":"http:\/\/www.chapelle-crecy.com\/index.php?rest_route=\/wp\/v2\/types\/post"}],"author":[{"embeddable":true,"href":"http:\/\/www.chapelle-crecy.com\/index.php?rest_route=\/wp\/v2\/users\/2"}],"replies":[{"embeddable":true,"href":"http:\/\/www.chapelle-crecy.com\/index.php?rest_route=%2Fwp%2Fv2%2Fcomments&post=1170"}],"version-history":[{"count":0,"href":"http:\/\/www.chapelle-crecy.com\/index.php?rest_route=\/wp\/v2\/posts\/1170\/revisions"}],"wp:attachment":[{"href":"http:\/\/www.chapelle-crecy.com\/index.php?rest_route=%2Fwp%2Fv2%2Fmedia&parent=1170"}],"wp:term":[{"taxonomy":"category","embeddable":true,"href":"http:\/\/www.chapelle-crecy.com\/index.php?rest_route=%2Fwp%2Fv2%2Fcategories&post=1170"},{"taxonomy":"post_tag","embeddable":true,"href":"http:\/\/www.chapelle-crecy.com\/index.php?rest_route=%2Fwp%2Fv2%2Ftags&post=1170"}],"curies":[{"name":"wp","href":"https:\/\/api.w.org\/{rel}","templated":true}]}}