{"id":1172,"date":"2018-09-18T10:32:08","date_gmt":"2018-09-18T10:32:08","guid":{"rendered":""},"modified":"-0001-11-30T00:00:00","modified_gmt":"-0001-11-29T22:00:00","slug":"","status":"publish","type":"post","link":"http:\/\/www.chapelle-crecy.com\/?p=1172","title":{"rendered":"Grand rassemblement dioc\u00e9sain autour de notre \u00e9v\u00eaque Mgr Nahmias: vous \u00eates tous invit\u00e9s !"},"content":{"rendered":"<div align=\"justify\">\u00ab\u00a0Envoi 2018: Baptiser pour annoncer\u00a0\u00bb<\/p>\n<p>Le 23 septembre \u00e0\u00a0 la cath\u00e9drale de Meaux, lors d&rsquo;un gigantesque rassemblement dioc\u00e9sain, notre \u00e9v\u00eaque Mgr Nahmias promulguera les nouvelles orientations dioc\u00e9saines. Mais, de quoi s&rsquo;agit-il?<br \/>\nA partir d&rsquo;une grande concertation qui s&rsquo;est tenue aupr\u00e8s de nombreux seine-et-marnais sur tout le dioc\u00e8se, de 2016 \u00e0\u00a0 2018 (assembl\u00e9es synodales), des propositions d&rsquo;annonce de la foi dans notre soci\u00e9t\u00e9 ont \u00e9t\u00e9 \u00e9mises. Il s&rsquo;agira donc bien pour nous, chr\u00e9tiens, de recevoir notre feuille de route, et d&rsquo;appliquer ces orientations donn\u00e9es par notre \u00e9v\u00eaque pour les ann\u00e9es \u00e0\u00a0 venir qu&rsquo;il faudra mettre en oeuvre concr\u00e8tement. <\/p>\n<p>La journ\u00e9e se poursuivra par un magnifique concert de Glorious, groupe de pop louange qu&rsquo;on ne pr\u00e9sente plus&#8230;<\/p>\n<div align=\"center\"><iframe loading=\"lazy\" width=\"560\" height=\"315\" src=\"https:\/\/www.youtube.com\/embed\/EIduLcVe_28\" frameborder=\"0\" allow=\"autoplay; encrypted-media\" allowfullscreen><\/iframe><\/div>\n<p>Vous trouverez tous les d\u00e9tails pratiques de cette journ\u00e9e inoubliable autour de notre \u00e9v\u00eaque, en cliquant sur le lien [www.catho77->http:\/\/www.catho77.fr\/spip.php?article3167]<br \/>\nAlors, dans la joie de tous nous retrouver, nous vous disons: \u00e0\u00a0 dimanche !<\/p>\n<div align=\"center\"><img decoding=\"async\" src=\"\/IMG\/jpg\/envoi2018.jpg\" width=450><\/div>\n<\/div>\n<div align=\"justify\">\n Voici une liste de quelques Actes synodaux actuellement en route dans plusieurs endroits de France &#8211; \u00e0  d\u00e9couvrir &#8211; En Eglise:<\/p>\n<p>-* Dioc\u00e8se d&rsquo;Amiens: \u00ab\u00a0J&rsquo;ai encore beaucoup de choses \u00e0 vous dire mais vous ne pouvez pas les porter\u00a0\u00bb  <\/p>\n<p>http:\/\/www.synode-somme.com\/assembl%C3%A9e-synodale\/<\/p>\n<div align =\"center\"> &#8212;&#8212;&#8212;&#8212;&#8212;&#8211; <\/div>\n<p>-* Dioc\u00e8se de  Cr\u00e9teil: \u00ab\u00a0Avec Lui, prendre soin les uns des autres et partager \u00e0 tous la Joie de l&rsquo;Evangile\u00a0\u00bb<\/p>\n<p>https:\/\/catholiques-val-de-marne.cef.fr\/vivre\/le-synode-diocesain<\/p>\n<div align =\"center\"> &#8212;&#8212;&#8212;&#8212;&#8212;&#8211; <\/div>\n<p>-* Dioc\u00e8se d&rsquo;Orl\u00e9ans: \u00ab\u00a0Porter la Joie de l&rsquo;Evangile\u00a0\u00bb<\/p>\n<p>http:\/\/www.orleans.catholique.fr\/actualite\/toutes-les-actus\/2639-synode-diocesain<\/p>\n<div align =\"center\"> &#8212;&#8212;&#8212;&#8212;&#8212;&#8211; <\/div>\n<p>-* Saint-Brieuc (2017) et Tr\u00e9guier : \u00ab\u00a0Un souffle nouveau\u00a0\u00bb<\/p>\n<p>https:\/\/www.synodediocese22.fr\/index.php\/documents-a-telecharger\/send\/34-actes-du-synode-diocesain\/192-actes-synode-diocesain<\/p>\n<p>Jeu sc\u00e9nique: https:\/\/www.youtube.com\/watch?v=1CtPR9jqN6E<\/p>\n<div align =\"center\"> &#8212;&#8212;&#8212;&#8212;&#8212;&#8211; <\/div>\n<p>-* Dioc\u00e8se Autun avec  le commentaire de Mgr Beno \u00eet Rivi\u00e8re: Une Eglise o\u00f9 les communaut\u00e9s doivent s&rsquo;ouvrir, sortir pour une \u00ab\u00a0Fraternit\u00e9 missionnaire\u00a0\u00bb. L&rsquo;apport de la communaut\u00e9 de Taiz\u00e9\u00a0\u00bb<\/p>\n<div class=\"video-container\"><iframe loading=\"lazy\" title=\"Mgr Rivi\u00e8re revient sur la cl\u00f4ture du synode dioc\u00e9sain\" width=\"500\" height=\"281\" src=\"https:\/\/www.youtube.com\/embed\/bX6MO8MuNI8?feature=oembed&#038;wmode=opaque\" frameborder=\"0\" allow=\"accelerometer; autoplay; clipboard-write; encrypted-media; gyroscope; picture-in-picture; web-share\" referrerpolicy=\"strict-origin-when-cross-origin\" allowfullscreen><\/iframe><\/div>\n<div align =\"center\"> &#8212;&#8212;&#8212;&#8212;&#8212;&#8211; <\/div>\n<p>-* Dioc\u00e8se de Bordeaux: \u00ab\u00a0Comme le P\u00e8re vous a aim\u00e9s, moi, je vous envoie\u00a0\u00bb<\/p>\n<p>(Cl\u00f4ture 18 mai 2018)<\/p>\n<p> https:\/\/synodebordeaux.fr\/actes-synodaux<\/p>\n<div align =\"center\"> &#8212;&#8212;&#8212;&#8212;&#8212;&#8211; <\/div>\n<p>-* Dioc\u00e8se de Poitiers: \u00ab\u00a0Avec les g\u00e9n\u00e9rations nouvelles, Vivre de l&rsquo;Evangile\u00a0\u00bb<\/p>\n<p>https:\/\/www.poitiers.catholique.fr\/accueil\/leglise-diocesaine\/publications-et-documents\/une-eglise-en-synode\/<\/p>\n<div align =\"center\"> &#8212;&#8212;&#8212;&#8212;&#8212;&#8211; <\/div>\n<p>Bient\u00f4t tous \u00e0 Meaux: \u00ab\u00a0BAPTISES POUR ANNONCER\u00a0\u00bb<\/p>\n<p>http:\/\/www.catho77.fr\/spip.php?article3167<\/p>\n<p> <iframe loading=\"lazy\" width=\"806\" height=\"457\" src=\"https:\/\/www.youtube.com\/embed\/X7uBkTcx3Jg\" frameborder=\"0\" allow=\"autoplay; encrypted-media\" allowfullscreen><\/iframe><\/p>\n<\/div>\n","protected":false},"excerpt":{"rendered":"<p>\u00ab\u00a0Envoi 2018: Baptiser pour annoncer\u00a0\u00bb Le 23 septembre \u00e0\u00a0 la cath\u00e9drale de Meaux, lors d&rsquo;un gigantesque rassemblement dioc\u00e9sain, notre \u00e9v\u00eaque Mgr Nahmias promulguera les nouvelles orientations dioc\u00e9saines. Mais, de quoi s&rsquo;agit-il? A partir d&rsquo;une&#46;&#46;&#46;<\/p>\n","protected":false},"author":2,"featured_media":0,"comment_status":"open","ping_status":"open","sticky":false,"template":"","format":"standard","meta":{"footnotes":""},"categories":[],"tags":[],"class_list":["post-1172","post","type-post","status-publish","format-standard","hentry"],"_links":{"self":[{"href":"http:\/\/www.chapelle-crecy.com\/index.php?rest_route=\/wp\/v2\/posts\/1172","targetHints":{"allow":["GET"]}}],"collection":[{"href":"http:\/\/www.chapelle-crecy.com\/index.php?rest_route=\/wp\/v2\/posts"}],"about":[{"href":"http:\/\/www.chapelle-crecy.com\/index.php?rest_route=\/wp\/v2\/types\/post"}],"author":[{"embeddable":true,"href":"http:\/\/www.chapelle-crecy.com\/index.php?rest_route=\/wp\/v2\/users\/2"}],"replies":[{"embeddable":true,"href":"http:\/\/www.chapelle-crecy.com\/index.php?rest_route=%2Fwp%2Fv2%2Fcomments&post=1172"}],"version-history":[{"count":0,"href":"http:\/\/www.chapelle-crecy.com\/index.php?rest_route=\/wp\/v2\/posts\/1172\/revisions"}],"wp:attachment":[{"href":"http:\/\/www.chapelle-crecy.com\/index.php?rest_route=%2Fwp%2Fv2%2Fmedia&parent=1172"}],"wp:term":[{"taxonomy":"category","embeddable":true,"href":"http:\/\/www.chapelle-crecy.com\/index.php?rest_route=%2Fwp%2Fv2%2Fcategories&post=1172"},{"taxonomy":"post_tag","embeddable":true,"href":"http:\/\/www.chapelle-crecy.com\/index.php?rest_route=%2Fwp%2Fv2%2Ftags&post=1172"}],"curies":[{"name":"wp","href":"https:\/\/api.w.org\/{rel}","templated":true}]}}