{"id":1176,"date":"2018-10-12T20:25:07","date_gmt":"2018-10-12T20:25:07","guid":{"rendered":""},"modified":"-0001-11-30T00:00:00","modified_gmt":"-0001-11-29T22:00:00","slug":"","status":"publish","type":"post","link":"http:\/\/www.chapelle-crecy.com\/?p=1176","title":{"rendered":"Annonces du 15 au 21 octobre 2018"},"content":{"rendered":"<div align=\"justify\">Voici les annonces de la p\u00e9riode du lundi 15 au dimanche 21 octobre 2018 pour la paroisse des 3 clochers Cr\u00e9cy-la-Chapelle, Villiers-sur-Morin, Voulangis. <\/p>\n<p><\/p>\n<p>Samedi 20 octobre, messe \u00e0\u00a0 18 h 30 \u00e0\u00a0 Villiers,<br \/>\nDimanche 21 \u00e0\u00a0 9 h 45, messe \u00e0\u00a0 l&rsquo;\u00e9glise Saint-Georges<br \/>\nTous les d\u00e9tails dans la suite &#8230;<\/div>\n<div align=\"center\">\n<table bgcolor =\"FFF6F0\" border=0>\n<tbody>\n<tr>\n<td><font color=\"00CC00\"><\/p>\n<div align=\"center\"><img decoding=\"async\" src=\"\/IMG\/personnes\/ignace_antioche.jpg\" width=200><br \/>\n<i>St Ignace d&rsquo;Antioche<\/i><\/div>\n<p><\/font><\/td>\n<td width=400><font color=\"00CC00\"><\/p>\n<div align=\"center\">\n<b>Lundi 15 octobre<\/b><br \/>\n17 h &#8211; Messe \u00e0 la Maison de Retraite.<br \/> <br \/>\n20 h 30 &#8211; R\u00e9union de l&rsquo;Equipe d&rsquo;Animation Pastorale au presbyt\u00e8re.<\/p>\n<p><b>Mardi 16 octobre<\/b><br \/>\n<i>Ste Marguerite Marie<\/i><br \/>\n18 h &#8211; Messe \u00e0 Cr\u00e9cy. pour Ren\u00e9e PASQUEAUX<\/p>\n<p><b>Mercredi 17 octobre<\/b><br \/>\n<i>St Ignace d&rsquo;Antioche<\/i><br \/>\nPas de messe en paroisse.<\/div>\n<p><\/font><\/td>\n<\/tr>\n<\/tbody>\n<\/table>\n<p> <\/p>\n<table bgcolor =\"F0F0FF\" border=0>\n<tbody>\n<tr>\n<td width=400><font color=\"678060\"><\/p>\n<div align=\"center\">\n<b>Jeudi 18 octobre<\/b><br \/>\n<i>St Luc &#8211; Evang\u00e9liste<\/i><br \/>\n18 h &#8211; Messe \u00e0 Cr\u00e9cy, messe anniversaire pour Cl\u00e9mence MUNTEANU et nous prions aussi pour Sylvain DESWARTES.<\/p>\n<p><b>Vendredi 19 octobre<\/b><br \/>\n9 h &#8211; Messe \u00e0 Cr\u00e9cy pour Jacqueline de SAINT MICHEL.\n<\/div>\n<p><\/font><\/td>\n<td><font color=\"678060\"><\/p>\n<div align=\"center\"><img decoding=\"async\" src=\"\/IMG\/personnes\/luc_evangeliste.jpg\" width=200><br \/><i>Saint Luc<\/i><\/div>\n<p><\/font><\/td>\n<\/tr>\n<\/tbody>\n<\/table>\n<p> <\/p>\n<table bgcolor =\"F0FFF0\" border=0>\n<tbody>\n<tr>\n<td><font color=\"678060\"><\/p>\n<div align=\"center\"><img decoding=\"async\" src=\"\/IMG\/personnes\/celine.jpg\" width=200><br \/><i>Sainte C\u00e9line<\/i><\/div>\n<p><\/font><\/td>\n<td width=400><font color=\"678060\"><\/p>\n<div align=\"center\">\n<b>Samedi 20 octobre<\/b><br \/>\n18 h 30 &#8212; Messe \u00e0 Villiers.<br \/> <br \/>\nBapt\u00eame de Mya MARTIN.<\/p>\n<p><b>Dimanche 21 octobre<\/b><br \/>\n<i>Sainte C\u00e9line<\/i><br \/>\n9 h 45 &#8211; Messe \u00e0 la l&rsquo;\u00e9glise Saint-Georges \u00e0 Cr\u00e9cy.<\/p>\n<p>samedi 20 et dimanche 21 octobre :QUETE SPECIALE pour la COOPERATION MISSIONNAIRE.\n <\/p><\/div>\n<p><\/font><\/td>\n<\/tr>\n<\/tbody>\n<\/table>\n<\/div>\n","protected":false},"excerpt":{"rendered":"<p>Voici les annonces de la p\u00e9riode du lundi 15 au dimanche 21 octobre 2018 pour la paroisse des 3 clochers Cr\u00e9cy-la-Chapelle, Villiers-sur-Morin, Voulangis. Samedi 20 octobre, messe \u00e0\u00a0 18 h 30 \u00e0\u00a0 Villiers, Dimanche&#46;&#46;&#46;<\/p>\n","protected":false},"author":2,"featured_media":0,"comment_status":"open","ping_status":"open","sticky":false,"template":"","format":"standard","meta":{"footnotes":""},"categories":[],"tags":[],"class_list":["post-1176","post","type-post","status-publish","format-standard","hentry"],"_links":{"self":[{"href":"http:\/\/www.chapelle-crecy.com\/index.php?rest_route=\/wp\/v2\/posts\/1176","targetHints":{"allow":["GET"]}}],"collection":[{"href":"http:\/\/www.chapelle-crecy.com\/index.php?rest_route=\/wp\/v2\/posts"}],"about":[{"href":"http:\/\/www.chapelle-crecy.com\/index.php?rest_route=\/wp\/v2\/types\/post"}],"author":[{"embeddable":true,"href":"http:\/\/www.chapelle-crecy.com\/index.php?rest_route=\/wp\/v2\/users\/2"}],"replies":[{"embeddable":true,"href":"http:\/\/www.chapelle-crecy.com\/index.php?rest_route=%2Fwp%2Fv2%2Fcomments&post=1176"}],"version-history":[{"count":0,"href":"http:\/\/www.chapelle-crecy.com\/index.php?rest_route=\/wp\/v2\/posts\/1176\/revisions"}],"wp:attachment":[{"href":"http:\/\/www.chapelle-crecy.com\/index.php?rest_route=%2Fwp%2Fv2%2Fmedia&parent=1176"}],"wp:term":[{"taxonomy":"category","embeddable":true,"href":"http:\/\/www.chapelle-crecy.com\/index.php?rest_route=%2Fwp%2Fv2%2Fcategories&post=1176"},{"taxonomy":"post_tag","embeddable":true,"href":"http:\/\/www.chapelle-crecy.com\/index.php?rest_route=%2Fwp%2Fv2%2Ftags&post=1176"}],"curies":[{"name":"wp","href":"https:\/\/api.w.org\/{rel}","templated":true}]}}