{"id":1181,"date":"2018-11-11T19:15:43","date_gmt":"2018-11-11T19:15:43","guid":{"rendered":""},"modified":"-0001-11-30T00:00:00","modified_gmt":"-0001-11-29T22:00:00","slug":"","status":"publish","type":"post","link":"http:\/\/www.chapelle-crecy.com\/?p=1181","title":{"rendered":"Annonces du 12 au 18 novembre 2018"},"content":{"rendered":"<div align=\"justify\">Voici les annonces de la p\u00e9riode du lundi 12 au dimanche 18 novembre 2018 pour la paroisse des 3 clochers Cr\u00e9cy-la-Chapelle, Villiers-sur-Morin, Voulangis. <\/p>\n<p><\/p>\n<p>Samedi 17 novembre, messe \u00e0\u00a0 18 h 30 \u00e0\u00a0 Villiers,<br \/>\nDimanche 18 novembre \u00e0\u00a0 09 h 45, messe \u00e0\u00a0 l&rsquo;\u00e9glise Saint-Georges<br \/>\nTous les d\u00e9tails dans la suite &#8230;<\/div>\n<div align=\"center\">\n<table bgcolor =\"FFF6F0\" border=0>\n<tbody>\n<tr>\n<td><font color=\"00CC00\"><\/p>\n<div align=\"center\"><img decoding=\"async\" src=\"\/IMG\/personnes\/brice.jpg\" width=200><br \/>\n<i>Saint Brice<\/i><\/div>\n<p><\/font><\/td>\n<td width=400><font color=\"00CC00\"><\/p>\n<div align=\"center\">\n<b>Lundi 12 novembre<\/b><br \/>\n17 h &#8211; Messe \u00e0 la Maison de Retraite.<\/p>\n<p><b>Mardi 13 novembre<\/b><br \/>\n<i>Saint Brice<\/i><br \/>\n18 h &#8211; Messe \u00e0 Cr\u00e9cy pour Michel ROUQUAIROL et pour les Ames du Purgatoire.<\/p>\n<p><b>Mercredi 14 novembre<\/b><br \/>\n9 h &#8211; Messe \u00e0 Cr\u00e9cy pour Catherine RUYDAVETS et Maurice CAUGNE.<\/div>\n<p><\/font><\/td>\n<\/tr>\n<\/tbody>\n<\/table>\n<p> <\/p>\n<table bgcolor =\"F0F0FF\" border=0>\n<tbody>\n<tr>\n<td width=400><font color=\"678060\"><\/p>\n<div align=\"center\">\n<b>Jeudi 15 novembre<\/b><br \/>\nPas de Messe en paroisse.<\/p>\n<p><b>Vendredi 16 novembre<\/b><br \/>\n<i>Ste Gertrude et St Edme<\/i><br \/>\n9 h &#8211; Messe \u00e0 Cr\u00e9cy pour la famille PICARD-MARTEL.\n<\/div>\n<p><\/font><\/td>\n<td><font color=\"678060\"><\/p>\n<div align=\"center\"><img decoding=\"async\" src=\"\/IMG\/personnes\/gertrude.jpg\" width=200><br \/><i>Sainte Gertrude<\/i><\/div>\n<p><\/font><\/td>\n<\/tr>\n<\/tbody>\n<\/table>\n<p> <\/p>\n<table bgcolor =\"F0FFF0\" border=0>\n<tbody>\n<tr>\n<td><font color=\"678060\"><\/p>\n<div align=\"center\"><img decoding=\"async\" src=\"\/IMG\/personnes\/elisabeth.jpg\" width=200><br \/><i>St Elisabeth de Hongrie<\/i><\/div>\n<p><\/font><\/td>\n<td width=400><font color=\"678060\"><\/p>\n<div align=\"center\">\n<b>Samedi 17 novembre<\/b><br \/>\n<i>St Elisabeth de Hongrie<\/i><br \/>\n18 h 30 &#8211; Messe \u00e0 Villiers.<\/p>\n<p><b>Dimanche 18 novembre<\/b><br \/>\n9 h 45 &#8211; \u00e0 Cr\u00e9cy, messe en famille.<br \/>\nElle sera c\u00e9l\u00e9br\u00e9e pour Michel ROUQUAIROL.<\/p>\n<p>samedi 17 et dimanche 18 novembre : QUETE SPECIALE pour le SECOURS CATHOLIQUE.\n<\/p><\/div>\n<p><\/font><\/td>\n<\/tr>\n<\/tbody>\n<\/table>\n<\/div>\n","protected":false},"excerpt":{"rendered":"<p>Voici les annonces de la p\u00e9riode du lundi 12 au dimanche 18 novembre 2018 pour la paroisse des 3 clochers Cr\u00e9cy-la-Chapelle, Villiers-sur-Morin, Voulangis. Samedi 17 novembre, messe \u00e0\u00a0 18 h 30 \u00e0\u00a0 Villiers, Dimanche&#46;&#46;&#46;<\/p>\n","protected":false},"author":2,"featured_media":0,"comment_status":"open","ping_status":"open","sticky":false,"template":"","format":"standard","meta":{"footnotes":""},"categories":[],"tags":[],"class_list":["post-1181","post","type-post","status-publish","format-standard","hentry"],"_links":{"self":[{"href":"http:\/\/www.chapelle-crecy.com\/index.php?rest_route=\/wp\/v2\/posts\/1181","targetHints":{"allow":["GET"]}}],"collection":[{"href":"http:\/\/www.chapelle-crecy.com\/index.php?rest_route=\/wp\/v2\/posts"}],"about":[{"href":"http:\/\/www.chapelle-crecy.com\/index.php?rest_route=\/wp\/v2\/types\/post"}],"author":[{"embeddable":true,"href":"http:\/\/www.chapelle-crecy.com\/index.php?rest_route=\/wp\/v2\/users\/2"}],"replies":[{"embeddable":true,"href":"http:\/\/www.chapelle-crecy.com\/index.php?rest_route=%2Fwp%2Fv2%2Fcomments&post=1181"}],"version-history":[{"count":0,"href":"http:\/\/www.chapelle-crecy.com\/index.php?rest_route=\/wp\/v2\/posts\/1181\/revisions"}],"wp:attachment":[{"href":"http:\/\/www.chapelle-crecy.com\/index.php?rest_route=%2Fwp%2Fv2%2Fmedia&parent=1181"}],"wp:term":[{"taxonomy":"category","embeddable":true,"href":"http:\/\/www.chapelle-crecy.com\/index.php?rest_route=%2Fwp%2Fv2%2Fcategories&post=1181"},{"taxonomy":"post_tag","embeddable":true,"href":"http:\/\/www.chapelle-crecy.com\/index.php?rest_route=%2Fwp%2Fv2%2Ftags&post=1181"}],"curies":[{"name":"wp","href":"https:\/\/api.w.org\/{rel}","templated":true}]}}