{"id":1182,"date":"2018-11-13T18:00:00","date_gmt":"2018-11-13T18:00:00","guid":{"rendered":""},"modified":"-0001-11-30T00:00:00","modified_gmt":"-0001-11-29T22:00:00","slug":"","status":"publish","type":"post","link":"http:\/\/www.chapelle-crecy.com\/?p=1182","title":{"rendered":"A ne surtout pas manquer : Le \u00ab\u00a0Coeur de l&rsquo;homme\u00a0\u00bb au Majestic UGC \u00e0\u00a0 Meaux \/ Th\u00e9atre de Coulommiers"},"content":{"rendered":"<div align=\"justify\">\n<div align=\"center\"><img decoding=\"async\" src=\"\/IMG\/jpg\/coeurdel_homme.jpg\" width=450><\/div>\n<p><\/p>\n<p> Les places sont \u00e0\u00a0 retirer sur place au Majestic \u00e0\u00a0 Meaux, le soir-m\u00eame, jeudi 15 novembre \u00e0\u00a0 20h UNIQUEMENT<br \/>\nIl en sera de m\u00eame \u00e0\u00a0 l&rsquo;Emisph\u00e8re Th\u00e9atre de Coulommiers, m\u00eame jour, m\u00eame heure.<\/p>\n<p>Docu-fiction extr\u00eamement fort, qui aborde, par le biais de t\u00e9moignages authentiques, des probl\u00e9matiques malheureusement extr\u00eamement r\u00e9pandues (porno-d\u00e9pendance, addiction sexuelle, comportements compulsifs, double vie, abus sexuel, qu\u00eate d&rsquo;identit\u00e9), en portant sur ces pratiques non pas un regard de jugement moralisateur (m\u00eame si chaque t\u00e9moin d\u00e9crit les souffrances et les impasses douloureuses qui s&rsquo;en suivent), mais le regard compatissant et mis\u00e9ricordieux du P\u00e8re (\u00e0\u00a0 travers notamment une \u00e9vocation tr\u00e8s po\u00e9tique de la parabole du Fils prodigue).<br \/>\nLe message essentiel du film \u00e9tant profond\u00e9ment une annonce k\u00e9rygmatique* du Salut : la honte n&rsquo;est pas une barri\u00e8re \u00e0\u00a0 l&rsquo;amour de Dieu, mais un pont vers la transformation absolue, la victoire, la libert\u00e9 et l&rsquo;espoir.<\/p>\n<div align=\"center\"><img decoding=\"async\" src=\"\/IMG\/jpg\/coeur-2.jpg\" width=450><\/div>\n<p><\/p>\n<p>Nous vous attendons nombreux<br \/>\nA diffuser largement !<\/p>\n<p>* k\u00e9rygmatique: d&rsquo;un mot grec qui signifie \u00ab proclamation solennelle \u00bb, le k\u00e9rygme est le noyau de la premi\u00e8re pr\u00e9dication des ap\u00f4tres : \u00ab\u00a0J\u00e9sus Messie est Seigneur et Sauveur.\u00a0\u00bb<\/p>\n<\/div>\n","protected":false},"excerpt":{"rendered":"<p>Les places sont \u00e0\u00a0 retirer sur place au Majestic \u00e0\u00a0 Meaux, le soir-m\u00eame, jeudi 15 novembre \u00e0\u00a0 20h UNIQUEMENT Il en sera de m\u00eame \u00e0\u00a0 l&rsquo;Emisph\u00e8re Th\u00e9atre de Coulommiers, m\u00eame jour, m\u00eame heure. Docu-fiction&#46;&#46;&#46;<\/p>\n","protected":false},"author":2,"featured_media":0,"comment_status":"open","ping_status":"open","sticky":false,"template":"","format":"standard","meta":{"footnotes":""},"categories":[],"tags":[],"class_list":["post-1182","post","type-post","status-publish","format-standard","hentry"],"_links":{"self":[{"href":"http:\/\/www.chapelle-crecy.com\/index.php?rest_route=\/wp\/v2\/posts\/1182","targetHints":{"allow":["GET"]}}],"collection":[{"href":"http:\/\/www.chapelle-crecy.com\/index.php?rest_route=\/wp\/v2\/posts"}],"about":[{"href":"http:\/\/www.chapelle-crecy.com\/index.php?rest_route=\/wp\/v2\/types\/post"}],"author":[{"embeddable":true,"href":"http:\/\/www.chapelle-crecy.com\/index.php?rest_route=\/wp\/v2\/users\/2"}],"replies":[{"embeddable":true,"href":"http:\/\/www.chapelle-crecy.com\/index.php?rest_route=%2Fwp%2Fv2%2Fcomments&post=1182"}],"version-history":[{"count":0,"href":"http:\/\/www.chapelle-crecy.com\/index.php?rest_route=\/wp\/v2\/posts\/1182\/revisions"}],"wp:attachment":[{"href":"http:\/\/www.chapelle-crecy.com\/index.php?rest_route=%2Fwp%2Fv2%2Fmedia&parent=1182"}],"wp:term":[{"taxonomy":"category","embeddable":true,"href":"http:\/\/www.chapelle-crecy.com\/index.php?rest_route=%2Fwp%2Fv2%2Fcategories&post=1182"},{"taxonomy":"post_tag","embeddable":true,"href":"http:\/\/www.chapelle-crecy.com\/index.php?rest_route=%2Fwp%2Fv2%2Ftags&post=1182"}],"curies":[{"name":"wp","href":"https:\/\/api.w.org\/{rel}","templated":true}]}}