{"id":1183,"date":"2018-11-15T10:17:00","date_gmt":"2018-11-15T10:17:00","guid":{"rendered":""},"modified":"-0001-11-30T00:00:00","modified_gmt":"-0001-11-29T22:00:00","slug":"","status":"publish","type":"post","link":"http:\/\/www.chapelle-crecy.com\/?p=1183","title":{"rendered":"Concert de No\u00ebl exceptionnel \u00e0\u00a0 Villiers-sur-Morin  le 24 novembre \u00e0\u00a0 20h30"},"content":{"rendered":"<div align=\"justify\">\nLors de cette soir\u00e9e musicale, aux c t\u00e9s de l&rsquo;Ensemble vocal Angu\u00e9los, deux magnifiques musiciens interviendront : le trompettiste Simon Fournier et Olivier d&rsquo;Ormesson, organiste et compositeur.<\/p>\n<p>Bach sera le grand ma\u00eetre de ce programme, avec quelques extraits c\u00e9l\u00e8bres de ses cantates, du Clavier bien temp\u00e9r\u00e9 ou de sa Messe en si mineur.<\/p>\n<p>Nous entendrons une oeuvre de son \u00e9l\u00e8ve Homilius ainsi que de splendides pi\u00e8ces pour trompette et orgue sign\u00e9es Haendel et Vivaldi.<\/p>\n<p>Enfin des chants de No\u00f6l fran\u00e7ais, mis en musique par Gevaert, Poulenc ou notre chef Val\u00e9ry Aubertin, viendront compl\u00e9ter ce concert de l&rsquo;Avent et de No\u00f6l.<\/p>\n<p>Un programme vari\u00e9 et chatoyant, qui vous promet de la lumi\u00e8re tandis que les jours s&rsquo;assombrissent, et un entracte convivial vous attendent.<\/p>\n<div align=\"center\"><img decoding=\"async\" src=\"\/IMG\/jpg\/c-anguelos.jpg\" width=450><\/div>\n<p><\/p>\n<\/div>\n","protected":false},"excerpt":{"rendered":"<p>Lors de cette soir\u00e9e musicale, aux c t\u00e9s de l&rsquo;Ensemble vocal Angu\u00e9los, deux magnifiques musiciens interviendront : le trompettiste Simon Fournier et Olivier d&rsquo;Ormesson, organiste et compositeur. Bach sera le grand ma\u00eetre de ce&#46;&#46;&#46;<\/p>\n","protected":false},"author":2,"featured_media":0,"comment_status":"open","ping_status":"open","sticky":false,"template":"","format":"standard","meta":{"footnotes":""},"categories":[],"tags":[],"class_list":["post-1183","post","type-post","status-publish","format-standard","hentry"],"_links":{"self":[{"href":"http:\/\/www.chapelle-crecy.com\/index.php?rest_route=\/wp\/v2\/posts\/1183","targetHints":{"allow":["GET"]}}],"collection":[{"href":"http:\/\/www.chapelle-crecy.com\/index.php?rest_route=\/wp\/v2\/posts"}],"about":[{"href":"http:\/\/www.chapelle-crecy.com\/index.php?rest_route=\/wp\/v2\/types\/post"}],"author":[{"embeddable":true,"href":"http:\/\/www.chapelle-crecy.com\/index.php?rest_route=\/wp\/v2\/users\/2"}],"replies":[{"embeddable":true,"href":"http:\/\/www.chapelle-crecy.com\/index.php?rest_route=%2Fwp%2Fv2%2Fcomments&post=1183"}],"version-history":[{"count":0,"href":"http:\/\/www.chapelle-crecy.com\/index.php?rest_route=\/wp\/v2\/posts\/1183\/revisions"}],"wp:attachment":[{"href":"http:\/\/www.chapelle-crecy.com\/index.php?rest_route=%2Fwp%2Fv2%2Fmedia&parent=1183"}],"wp:term":[{"taxonomy":"category","embeddable":true,"href":"http:\/\/www.chapelle-crecy.com\/index.php?rest_route=%2Fwp%2Fv2%2Fcategories&post=1183"},{"taxonomy":"post_tag","embeddable":true,"href":"http:\/\/www.chapelle-crecy.com\/index.php?rest_route=%2Fwp%2Fv2%2Ftags&post=1183"}],"curies":[{"name":"wp","href":"https:\/\/api.w.org\/{rel}","templated":true}]}}