{"id":1184,"date":"2018-11-14T16:44:00","date_gmt":"2018-11-14T16:44:00","guid":{"rendered":""},"modified":"-0001-11-30T00:00:00","modified_gmt":"-0001-11-29T22:00:00","slug":"","status":"publish","type":"post","link":"http:\/\/www.chapelle-crecy.com\/?p=1184","title":{"rendered":"Un d\u00e9jeuner fraternel"},"content":{"rendered":"<div align=\"justify\">Dans le cadre de \u00ab\u00a0LA JOURNEE MONDIALE DES PAUVRES \u00a0\u00bb \u00e0\u00a0 l&rsquo;appel du Pape Fran\u00e7ois :<\/p>\n<p> dimanche 18 novembre \u00e0\u00a0 partir de 11h30  au local du SECOURS CATHOLIQUE de CRECY, Place du March\u00e9<br \/>\navec nos accueillis, l&rsquo;\u00e9quipe de b\u00e9n\u00e9voles et tous les paroissiens qui le peuvent nous partagerons un D\u00e9JEUNER FRATERNEL &#8230;<\/p>\n<p>Chacun apporte ce qu&rsquo;il veut et ce qu&rsquo;il peut pour ce moment de partage et de convivialit\u00e9. VOUS \u00e0\u0160TES TOUS INVIT\u00e9S.<\/p>\n<p>MERCI \u00e0\u00a0 tous ceux qui nous rejoindront &#8230;<\/p><\/div>\n","protected":false},"excerpt":{"rendered":"<p>Dans le cadre de \u00ab\u00a0LA JOURNEE MONDIALE DES PAUVRES \u00a0\u00bb \u00e0\u00a0 l&rsquo;appel du Pape Fran\u00e7ois : dimanche 18 novembre \u00e0\u00a0 partir de 11h30 au local du SECOURS CATHOLIQUE de CRECY, Place du March\u00e9 avec&#46;&#46;&#46;<\/p>\n","protected":false},"author":2,"featured_media":0,"comment_status":"open","ping_status":"open","sticky":false,"template":"","format":"standard","meta":{"footnotes":""},"categories":[],"tags":[],"class_list":["post-1184","post","type-post","status-publish","format-standard","hentry"],"_links":{"self":[{"href":"http:\/\/www.chapelle-crecy.com\/index.php?rest_route=\/wp\/v2\/posts\/1184","targetHints":{"allow":["GET"]}}],"collection":[{"href":"http:\/\/www.chapelle-crecy.com\/index.php?rest_route=\/wp\/v2\/posts"}],"about":[{"href":"http:\/\/www.chapelle-crecy.com\/index.php?rest_route=\/wp\/v2\/types\/post"}],"author":[{"embeddable":true,"href":"http:\/\/www.chapelle-crecy.com\/index.php?rest_route=\/wp\/v2\/users\/2"}],"replies":[{"embeddable":true,"href":"http:\/\/www.chapelle-crecy.com\/index.php?rest_route=%2Fwp%2Fv2%2Fcomments&post=1184"}],"version-history":[{"count":0,"href":"http:\/\/www.chapelle-crecy.com\/index.php?rest_route=\/wp\/v2\/posts\/1184\/revisions"}],"wp:attachment":[{"href":"http:\/\/www.chapelle-crecy.com\/index.php?rest_route=%2Fwp%2Fv2%2Fmedia&parent=1184"}],"wp:term":[{"taxonomy":"category","embeddable":true,"href":"http:\/\/www.chapelle-crecy.com\/index.php?rest_route=%2Fwp%2Fv2%2Fcategories&post=1184"},{"taxonomy":"post_tag","embeddable":true,"href":"http:\/\/www.chapelle-crecy.com\/index.php?rest_route=%2Fwp%2Fv2%2Ftags&post=1184"}],"curies":[{"name":"wp","href":"https:\/\/api.w.org\/{rel}","templated":true}]}}