{"id":1186,"date":"2018-11-25T19:21:21","date_gmt":"2018-11-25T19:21:21","guid":{"rendered":""},"modified":"-0001-11-30T00:00:00","modified_gmt":"-0001-11-29T22:00:00","slug":"","status":"publish","type":"post","link":"http:\/\/www.chapelle-crecy.com\/?p=1186","title":{"rendered":"Annonces du 26 novembre au 2 d\u00e9cembre 2018"},"content":{"rendered":"<div align=\"justify\">Voici les annonces de la p\u00e9riode du lundi 26 novembre au dimanche 2 d\u00e9cembre 2018 pour la paroisse des 3 clochers Cr\u00e9cy-la-Chapelle, Villiers-sur-Morin, Voulangis. <\/p>\n<p><\/p>\n<p>Samedi 1er d\u00e9cembre, messe \u00e0\u00a0 18 h 30 \u00e0\u00a0 Villiers,<br \/>\nDimanche 2 d\u00e9cembre \u00e0\u00a0 09 h 45, messe \u00e0\u00a0 l&rsquo;\u00e9glise Saint-Georges<br \/>\nTous les d\u00e9tails dans la suite &#8230;<\/div>\n<div align=\"center\">\n<table bgcolor =\"FFF6F0\" border=0>\n<tbody>\n<tr>\n<td><font color=\"00CC00\"><\/p>\n<div align=\"center\"><img decoding=\"async\" src=\"\/IMG\/personnes\/delphine.jpg\" width=200><br \/>\n<i>Sainte Delphine<\/i><\/div>\n<p><\/font><\/td>\n<td width=400><font color=\"00CC00\"><\/p>\n<div align=\"center\">\n<b>Lundi 26 novembre<\/b><br \/>\n<i>Sainte Delphine<\/i><br \/>\n17 h &#8211; C\u00e9l\u00e9bration \u00e0 la Maison de Retraite.<\/p>\n<p>Pas de Messe en paroisse cette semaine.<\/p><\/div>\n<p><\/font><\/td>\n<\/tr>\n<\/tbody>\n<\/table>\n<p> <\/p>\n<table bgcolor =\"F0FFF0\" border=0>\n<tbody>\n<tr>\n<td><font color=\"678060\"><\/p>\n<div align=\"center\"><img decoding=\"async\" src=\"\/IMG\/personnes\/eloi.jpg\" width=200><br \/><i>Saint Eloi<\/i><\/div>\n<p><\/font><\/td>\n<td width=400><font color=\"678060\"><\/p>\n<div align=\"center\">\n<b>Samedi 1er d\u00e9cembre<\/b><br \/>\n<i>Saint Eloi<\/i><br \/>\n18 h 30 &#8211; Messe \u00e0 Villiers.<br \/> <br \/>\nCe samedi 1er : concert \u00e0 l&rsquo;\u00e9glise de Cr\u00e9cy \u00e0 20 h 30 organis\u00e9 par l&rsquo;Association   AMITIE BRIE-BENIN<\/p>\n<p> <br \/>\n<b>Dimanche 2 d\u00e9cvembre<\/b><br \/>\n9 h 45 &#8211; \u00e0 Cr\u00e9cy, Messe anniversaire pour Michel HOUEL. Nous prierons aussi pour Jean et Simone BLAVIER.<\/p>\n<p>samedi 1er et dimanche 2 : QUETE SPECIALE POUR  LES CHANTIERS DU CARDINAL.\n<\/p><\/div>\n<p><\/font><\/td>\n<\/tr>\n<\/tbody>\n<\/table>\n<\/div>\n","protected":false},"excerpt":{"rendered":"<p>Voici les annonces de la p\u00e9riode du lundi 26 novembre au dimanche 2 d\u00e9cembre 2018 pour la paroisse des 3 clochers Cr\u00e9cy-la-Chapelle, Villiers-sur-Morin, Voulangis. Samedi 1er d\u00e9cembre, messe \u00e0\u00a0 18 h 30 \u00e0\u00a0 Villiers,&#46;&#46;&#46;<\/p>\n","protected":false},"author":2,"featured_media":0,"comment_status":"open","ping_status":"open","sticky":false,"template":"","format":"standard","meta":{"footnotes":""},"categories":[],"tags":[],"class_list":["post-1186","post","type-post","status-publish","format-standard","hentry"],"_links":{"self":[{"href":"http:\/\/www.chapelle-crecy.com\/index.php?rest_route=\/wp\/v2\/posts\/1186","targetHints":{"allow":["GET"]}}],"collection":[{"href":"http:\/\/www.chapelle-crecy.com\/index.php?rest_route=\/wp\/v2\/posts"}],"about":[{"href":"http:\/\/www.chapelle-crecy.com\/index.php?rest_route=\/wp\/v2\/types\/post"}],"author":[{"embeddable":true,"href":"http:\/\/www.chapelle-crecy.com\/index.php?rest_route=\/wp\/v2\/users\/2"}],"replies":[{"embeddable":true,"href":"http:\/\/www.chapelle-crecy.com\/index.php?rest_route=%2Fwp%2Fv2%2Fcomments&post=1186"}],"version-history":[{"count":0,"href":"http:\/\/www.chapelle-crecy.com\/index.php?rest_route=\/wp\/v2\/posts\/1186\/revisions"}],"wp:attachment":[{"href":"http:\/\/www.chapelle-crecy.com\/index.php?rest_route=%2Fwp%2Fv2%2Fmedia&parent=1186"}],"wp:term":[{"taxonomy":"category","embeddable":true,"href":"http:\/\/www.chapelle-crecy.com\/index.php?rest_route=%2Fwp%2Fv2%2Fcategories&post=1186"},{"taxonomy":"post_tag","embeddable":true,"href":"http:\/\/www.chapelle-crecy.com\/index.php?rest_route=%2Fwp%2Fv2%2Ftags&post=1186"}],"curies":[{"name":"wp","href":"https:\/\/api.w.org\/{rel}","templated":true}]}}