{"id":1188,"date":"2018-12-09T19:25:30","date_gmt":"2018-12-09T19:25:30","guid":{"rendered":""},"modified":"-0001-11-30T00:00:00","modified_gmt":"-0001-11-29T22:00:00","slug":"","status":"publish","type":"post","link":"http:\/\/www.chapelle-crecy.com\/?p=1188","title":{"rendered":"Annonces du 10 au 16 d\u00e9cembre 2018"},"content":{"rendered":"<div align=\"justify\">Voici les annonces de la p\u00e9riode du lundi 10 au dimanche 16 novembre 2018 pour la paroisse des 3 clochers Cr\u00e9cy-la-Chapelle, Villiers-sur-Morin, Voulangis. <\/p>\n<p><\/p>\n<p>Samedi 15 d\u00e9cembre, messe \u00e0\u00a0 18 h 30 \u00e0\u00a0 Villiers,<br \/>\nDimanche 16 d\u00e9cembre \u00e0\u00a0 09 h 45, messe \u00e0\u00a0 l&rsquo;\u00e9glise Saint-Georges<br \/>\nTous les d\u00e9tails dans la suite &#8230;<\/div>\n<div align=\"center\">\n<table bgcolor =\"FFF6F0\" border=0>\n<tbody>\n<tr>\n<td><font color=\"00CC00\"><\/p>\n<div align=\"center\"><img decoding=\"async\" src=\"\/IMG\/personnes\/romaric.jpg\" width=200><br \/>\n<i><i>St Romaric<\/i><br \/><\/i><\/div>\n<p><\/font><\/td>\n<td width=400><font color=\"00CC00\"><\/p>\n<div align=\"center\">\n<b>Lundi 10 d\u00e9cembre<\/b> <br \/> <br \/>\n<i>Saint Romaric<\/i><br \/>\n17 h &#8211; C\u00e9l\u00e9bration \u00e0 la Maison de Retraite.<\/p>\n<p><b>Mardi 11 d\u00e9cembre <\/b><br \/>\n18 h &#8211; \u00e0 Cr\u00e9cy, Messe anniversaire pour Fr\u00e9d\u00e9ric TENAGUILLO<\/p>\n<\/div>\n<p><\/font><\/td>\n<\/tr>\n<\/tbody>\n<\/table>\n<\/div>\n<p> <\/p>\n<div align=\"center\">\n<table bgcolor =\"F0F0F6\" border=0>\n<tbody>\n<td width=400><font color=\"0E0C40\"><\/p>\n<div align=\"center\">\n<b>Mercredi 12 d\u00e9cembre<\/b><br \/>\n9h &#8211; Messe \u00e0 Cr\u00e9cy<\/p>\n<p><b>Jeudi 13 d\u00e9cembre<\/b><br \/>\n<i>Saint Lucie<\/i><br \/>\nPas de Messe en paroisse.<\/p>\n<p><b>Vendredi 14 d\u00e9cembre<\/b><br \/>\n<i>St Jean de la Croix<\/i><br \/>\n9 h &#8211; Messe \u00e0 Cr\u00e9cy pour Georgette et Marcel DEDIEU.<\/div>\n<p><\/font><\/td>\n<td><font color=\"0E0C40\"><\/p>\n<div align=\"center\"><img decoding=\"async\" src=\"\/IMG\/personnes\/lucie_syracuse.jpg\" width=250><br \/><i>Saint Lucie de Syracuse<\/i><\/div>\n<p><\/font><\/td>\n<\/tr>\n<\/tbody>\n<\/table>\n<p> <\/p>\n<table bgcolor =\"FFF6F0\" border=0>\n<tbody>\n<tr>\n<td><font color=\"00CC00\"><\/p>\n<div align=\"center\"><img decoding=\"async\" src=\"\/IMG\/personnes\/adelaide.jpg\" width=200><br \/><i>Sainte Ad\u00e9la\u00efde<\/i><\/div>\n<p><\/font><\/td>\n<td width=400><font color=\"00CC00\"><\/p>\n<div align=\"center\">\n<b>Samedi 15 d\u00e9cembre<\/b><br \/>\n18 h 30 &#8211; Messe \u00e0 Villiers pour Genevi\u00e8ve MUSITELLI inhum\u00e9e la semaine derni\u00e8re.<\/p>\n<p><b>Dimanche 16 d\u00e9cembre<\/b> <br \/> <br \/>\n<i>3\u00e8me dimanche de l&rsquo;Avent<\/i><br \/>\n<i>Sainte Ad\u00e9la\u00efde<\/i><br \/>\n9 h 45 &#8211; Cr\u00e9cy -Messe en famille.<br \/>\nElle sera c\u00e9l\u00e9br\u00e9e pour Gilbert VILLOZ<\/p>\n<p>Samedi 15 et dimanche 16 : les ventes de No\u00ebl &#8230;: <br \/>\nVente de chocolats au profit du BURKINA FASO <br \/>\nVente de bougies de No\u00ebl au profit du SECOURS CATHOLIQUE<br \/>\n et exposition de cr\u00e8ches.\n<\/div>\n<p><\/font><\/td>\n<\/tr>\n<\/tbody>\n<\/table>\n<\/div>\n","protected":false},"excerpt":{"rendered":"<p>Voici les annonces de la p\u00e9riode du lundi 10 au dimanche 16 novembre 2018 pour la paroisse des 3 clochers Cr\u00e9cy-la-Chapelle, Villiers-sur-Morin, Voulangis. Samedi 15 d\u00e9cembre, messe \u00e0\u00a0 18 h 30 \u00e0\u00a0 Villiers, Dimanche&#46;&#46;&#46;<\/p>\n","protected":false},"author":2,"featured_media":0,"comment_status":"open","ping_status":"open","sticky":false,"template":"","format":"standard","meta":{"footnotes":""},"categories":[],"tags":[],"class_list":["post-1188","post","type-post","status-publish","format-standard","hentry"],"_links":{"self":[{"href":"http:\/\/www.chapelle-crecy.com\/index.php?rest_route=\/wp\/v2\/posts\/1188","targetHints":{"allow":["GET"]}}],"collection":[{"href":"http:\/\/www.chapelle-crecy.com\/index.php?rest_route=\/wp\/v2\/posts"}],"about":[{"href":"http:\/\/www.chapelle-crecy.com\/index.php?rest_route=\/wp\/v2\/types\/post"}],"author":[{"embeddable":true,"href":"http:\/\/www.chapelle-crecy.com\/index.php?rest_route=\/wp\/v2\/users\/2"}],"replies":[{"embeddable":true,"href":"http:\/\/www.chapelle-crecy.com\/index.php?rest_route=%2Fwp%2Fv2%2Fcomments&post=1188"}],"version-history":[{"count":0,"href":"http:\/\/www.chapelle-crecy.com\/index.php?rest_route=\/wp\/v2\/posts\/1188\/revisions"}],"wp:attachment":[{"href":"http:\/\/www.chapelle-crecy.com\/index.php?rest_route=%2Fwp%2Fv2%2Fmedia&parent=1188"}],"wp:term":[{"taxonomy":"category","embeddable":true,"href":"http:\/\/www.chapelle-crecy.com\/index.php?rest_route=%2Fwp%2Fv2%2Fcategories&post=1188"},{"taxonomy":"post_tag","embeddable":true,"href":"http:\/\/www.chapelle-crecy.com\/index.php?rest_route=%2Fwp%2Fv2%2Ftags&post=1188"}],"curies":[{"name":"wp","href":"https:\/\/api.w.org\/{rel}","templated":true}]}}