{"id":1189,"date":"2018-12-16T16:12:50","date_gmt":"2018-12-16T16:12:50","guid":{"rendered":""},"modified":"-0001-11-30T00:00:00","modified_gmt":"-0001-11-29T22:00:00","slug":"","status":"publish","type":"post","link":"http:\/\/www.chapelle-crecy.com\/?p=1189","title":{"rendered":"Annonces du 17 au 23 d\u00e9cembre 2018"},"content":{"rendered":"<div align=\"justify\">Voici les annonces de la p\u00e9riode du lundi 17 au dimanche 23 novembre 2018 pour la paroisse des 3 clochers Cr\u00e9cy-la-Chapelle, Villiers-sur-Morin, Voulangis. <\/p>\n<p><\/p>\n<p>Samedi 22 d\u00e9cembre, messe \u00e0\u00a0 18 h 30 \u00e0\u00a0 Voulangis,<br \/>\nDimanche 23 d\u00e9cembre \u00e0\u00a0 09 h 45, messe \u00e0\u00a0 l&rsquo;\u00e9glise Saint-Georges<br \/>\nTous les d\u00e9tails dans la suite &#8230;<\/div>\n<div align=\"center\">\n<table bgcolor =\"FFF6F0\" border=0>\n<tbody>\n<tr>\n<td><font color=\"00CC00\"><\/p>\n<div align=\"center\"><img decoding=\"async\" src=\"\/IMG\/jpg\/creche_voulangis2015.jpg\" width=300><\/div>\n<p><\/font><\/td>\n<td width=400><font color=\"00CC00\"><\/p>\n<div align=\"center\">\n<b>Lundi 17 d\u00e9cembre<\/b> <br \/> <br \/>\n17 h &#8211; Messe \u00e0 la Maison de Retraite.<br \/>\n20 h 30 &#8211; R\u00e9union de l&rsquo;Equipe d&rsquo;Animation Pastorale.<\/p>\n<p><b>Mardi 18 d\u00e9cembre <\/b><br \/>\n18 h &#8211; messe \u00e0 Cr\u00e9cy.<br \/>\n20 h &#8211; \u00e0 Cr\u00e9cy, c\u00e9l\u00e9bration p\u00e9nitentielle avec confession individuelle, pour les 3 secteurs de la Vall\u00e9e du Grand Morin.<\/div>\n<p><\/font><\/td>\n<\/tr>\n<\/tbody>\n<\/table>\n<\/div>\n<p> <\/p>\n<div align=\"center\">\n<table bgcolor =\"F0F0F6\" border=0>\n<tbody>\n<td width=400><font color=\"0E0C40\"><\/p>\n<div align=\"center\">\n<b>Mercredi 19 d\u00e9cembre<\/b><br \/>\n9h &#8211; Messe \u00e0 Cr\u00e9cy pour Guy DE ALDECOA.<\/p>\n<p><b>Jeudi 20 d\u00e9cembre<\/b><br \/>\n18 h &#8211;  Messe  \u00e0 Cr\u00e9cy , pour Jeannette CLAPTIEN.<\/p>\n<p><b>Vendredi 21 d\u00e9cembre<\/b><br \/>\nPas de Messe en paroisse.<\/div>\n<p><\/font><\/td>\n<td><font color=\"0E0C40\"><\/p>\n<div align=\"center\"><img decoding=\"async\" src=\"\/IMG\/jpg\/creche-SC-2017.jpg\" width=300><\/div>\n<p><\/font><\/td>\n<\/tr>\n<\/tbody>\n<\/table>\n<p> <\/p>\n<table bgcolor =\"FFF6F0\" border=0>\n<tbody>\n<tr>\n<td><font color=\"00CC00\"><\/p>\n<div align=\"center\"><img decoding=\"async\" src=\"\/IMG\/jpg\/Creche_Afrique.jpg\" width=300><\/div>\n<p><\/font><\/td>\n<td width=400><font color=\"00CC00\"><\/p>\n<div align=\"center\">\n<b>Samedi 22 d\u00e9cembre<\/b><br \/>\n18 h 30 &#8211; Messe \u00e0 Voulangis pour Raymonde et Jean LEROUX.<\/p>\n<p><b>Dimanche 23 d\u00e9cembre<\/b> <br \/> <br \/>\n<i>4\u00e8me dimanche de l&rsquo;Avent<\/i><br \/>\n9 h 45 &#8211; Messe  \u00e0 Cr\u00e9cy pour Michel et Jean DEDIEU.\n<\/div>\n<p><\/font><\/td>\n<\/tr>\n<\/tbody>\n<\/table>\n<\/div>\n","protected":false},"excerpt":{"rendered":"<p>Voici les annonces de la p\u00e9riode du lundi 17 au dimanche 23 novembre 2018 pour la paroisse des 3 clochers Cr\u00e9cy-la-Chapelle, Villiers-sur-Morin, Voulangis. Samedi 22 d\u00e9cembre, messe \u00e0\u00a0 18 h 30 \u00e0\u00a0 Voulangis, Dimanche&#46;&#46;&#46;<\/p>\n","protected":false},"author":2,"featured_media":0,"comment_status":"open","ping_status":"open","sticky":false,"template":"","format":"standard","meta":{"footnotes":""},"categories":[],"tags":[],"class_list":["post-1189","post","type-post","status-publish","format-standard","hentry"],"_links":{"self":[{"href":"http:\/\/www.chapelle-crecy.com\/index.php?rest_route=\/wp\/v2\/posts\/1189","targetHints":{"allow":["GET"]}}],"collection":[{"href":"http:\/\/www.chapelle-crecy.com\/index.php?rest_route=\/wp\/v2\/posts"}],"about":[{"href":"http:\/\/www.chapelle-crecy.com\/index.php?rest_route=\/wp\/v2\/types\/post"}],"author":[{"embeddable":true,"href":"http:\/\/www.chapelle-crecy.com\/index.php?rest_route=\/wp\/v2\/users\/2"}],"replies":[{"embeddable":true,"href":"http:\/\/www.chapelle-crecy.com\/index.php?rest_route=%2Fwp%2Fv2%2Fcomments&post=1189"}],"version-history":[{"count":0,"href":"http:\/\/www.chapelle-crecy.com\/index.php?rest_route=\/wp\/v2\/posts\/1189\/revisions"}],"wp:attachment":[{"href":"http:\/\/www.chapelle-crecy.com\/index.php?rest_route=%2Fwp%2Fv2%2Fmedia&parent=1189"}],"wp:term":[{"taxonomy":"category","embeddable":true,"href":"http:\/\/www.chapelle-crecy.com\/index.php?rest_route=%2Fwp%2Fv2%2Fcategories&post=1189"},{"taxonomy":"post_tag","embeddable":true,"href":"http:\/\/www.chapelle-crecy.com\/index.php?rest_route=%2Fwp%2Fv2%2Ftags&post=1189"}],"curies":[{"name":"wp","href":"https:\/\/api.w.org\/{rel}","templated":true}]}}