{"id":119,"date":"2009-05-08T20:40:05","date_gmt":"2009-05-08T20:40:05","guid":{"rendered":""},"modified":"-0001-11-30T00:00:00","modified_gmt":"-0001-11-29T22:00:00","slug":"","status":"publish","type":"post","link":"http:\/\/www.chapelle-crecy.com\/?p=119","title":{"rendered":"Annonces de la semaine du 11 au 17 mai 2009"},"content":{"rendered":"<table bgcolor =\"F0FAFF\" border=0>\n<tbody>\n<tr>\n<td>\n<div align=\"justify\">\n<div \"28\">Voici les annonces de la semaine du lundi 11 au dimanche 17 mai 2009  pour la paroisse des 3 clochers Cr\u00e9cy-la-Chapelle, Villiers-sur-Morin, Voulangis.<\/p>\n<\/div>\n<\/td>\n<\/tr>\n<\/tbody>\n<\/table>\n<div align=\"left\">\n<table bgcolor =\"F0FAFF\" border=1>\n<tbody>\n<tr>\n<td width=120><font color=\"0020FF\">Lundi 11 mai<\/font><\/td>\n<td ><font color=\"0020FF\">9h : Messe \u00e0 Cr\u00e9cy pour les Ames du Purgatoire<br \/>20 h 30  R\u00e9union des Cat\u00e9chistes<\/font><\/td>\n<\/tr>\n<tr>\n<td><font color=\"0020FF\">Mardi 12 mai<\/font><\/td>\n<td><font color=\"0020FF\">de 9h \u00e0 16h : Journ\u00e9e d&rsquo;approfondissement  de la foi au Monast\u00e8re de La Houssaye<br \/>\n17h : Messe \u00e0 la Maison de retraite pour Ren\u00e9e LAURENT<br \/>\n<\/font><\/td>\n<\/tr>\n<tr>\n<td><font color=\"0020FF\">Mercredi 13 mai<\/font><\/td>\n<td><font color=\"0020FF\">9 h &#8211;  Messe \u00e0 Cr\u00e9cy pour Simone LEROY<\/font><\/td>\n<\/tr>\n<tr>\n<td><font color=\"0020FF\">Vendredi 15 mai<\/font><\/td>\n<td><font color=\"0020FF\">17h &#8211; Messe \u00e0 Cr\u00e9cy pour David BROUILLER.<br \/>\n20h30 : R\u00e9union de l&rsquo;\u00e9quipe de Pr\u00e9paration au Mariage \u00e0 la salle paroissiale.<\/font><\/td>\n<\/tr>\n<tr>\n<td><font color=\"0020FF\">Samedi 16 mai<\/font><\/td>\n<td><font color=\"0020FF\">de 13h45 \u00e0 15h15 : r\u00e9union de l&rsquo;\u00e9quipe MEJ \u00e0 la salle paroissiale.<br \/>\n18 h 30  Messe \u00e0 Villiers pour Lucie RICHOILLEY<\/font><\/td>\n<\/tr>\n<tr>\n<td><font color=\"0020FF\">Dimanche 17 mai<\/font><\/td>\n<td><font color=\"0020FF\">10 h 30 &#8211;  Messe \u00e0 Cr\u00e9cy , B\u00e9n\u00e9diction des fianc\u00e9s.<br \/>A la fin de la messe nous partagerons le pot de l&rsquo;amiti\u00e9<\/font><\/td>\n<\/tr>\n<\/tbody>\n<\/table>\n<\/div>\n","protected":false},"excerpt":{"rendered":"<p>Voici les annonces de la semaine du lundi 11 au dimanche 17 mai 2009 pour la paroisse des 3 clochers Cr\u00e9cy-la-Chapelle, Villiers-sur-Morin, Voulangis. Lundi 11 mai 9h : Messe \u00e0 Cr\u00e9cy pour les Ames&#46;&#46;&#46;<\/p>\n","protected":false},"author":2,"featured_media":0,"comment_status":"open","ping_status":"open","sticky":false,"template":"","format":"standard","meta":{"footnotes":""},"categories":[],"tags":[],"class_list":["post-119","post","type-post","status-publish","format-standard","hentry"],"_links":{"self":[{"href":"http:\/\/www.chapelle-crecy.com\/index.php?rest_route=\/wp\/v2\/posts\/119","targetHints":{"allow":["GET"]}}],"collection":[{"href":"http:\/\/www.chapelle-crecy.com\/index.php?rest_route=\/wp\/v2\/posts"}],"about":[{"href":"http:\/\/www.chapelle-crecy.com\/index.php?rest_route=\/wp\/v2\/types\/post"}],"author":[{"embeddable":true,"href":"http:\/\/www.chapelle-crecy.com\/index.php?rest_route=\/wp\/v2\/users\/2"}],"replies":[{"embeddable":true,"href":"http:\/\/www.chapelle-crecy.com\/index.php?rest_route=%2Fwp%2Fv2%2Fcomments&post=119"}],"version-history":[{"count":0,"href":"http:\/\/www.chapelle-crecy.com\/index.php?rest_route=\/wp\/v2\/posts\/119\/revisions"}],"wp:attachment":[{"href":"http:\/\/www.chapelle-crecy.com\/index.php?rest_route=%2Fwp%2Fv2%2Fmedia&parent=119"}],"wp:term":[{"taxonomy":"category","embeddable":true,"href":"http:\/\/www.chapelle-crecy.com\/index.php?rest_route=%2Fwp%2Fv2%2Fcategories&post=119"},{"taxonomy":"post_tag","embeddable":true,"href":"http:\/\/www.chapelle-crecy.com\/index.php?rest_route=%2Fwp%2Fv2%2Ftags&post=119"}],"curies":[{"name":"wp","href":"https:\/\/api.w.org\/{rel}","templated":true}]}}