{"id":1190,"date":"2018-12-21T19:05:09","date_gmt":"2018-12-21T19:05:09","guid":{"rendered":""},"modified":"-0001-11-30T00:00:00","modified_gmt":"-0001-11-29T22:00:00","slug":"","status":"publish","type":"post","link":"http:\/\/www.chapelle-crecy.com\/?p=1190","title":{"rendered":"Annonces du 22 au 30 d\u00e9cembre 2018"},"content":{"rendered":"<div align=\"justify\">Voici les annonces de la p\u00e9riode du samedi 22 au dimanche 30 novembre 2018 pour la paroisse des 3 clochers Cr\u00e9cy-la-Chapelle, Villiers-sur-Morin, Voulangis. <\/p>\n<p><\/p>\n<p>Samedi 22 d\u00e9cembre, messe \u00e0\u00a0 18 h 30 \u00e0\u00a0 Voulangis,<br \/>\nDimanche 23 d\u00e9cembre \u00e0\u00a0 9 h 45, messe \u00e0\u00a0 Cr\u00e9cy<br \/>\nLundi 24 d\u00e9cembre, messe de No\u00f6l \u00e0\u00a0 18 h 30 \u00e0\u00a0 Cr\u00e9cy,<br \/>\nMardi 25 d\u00e9cembre \u00e0\u00a0 9 h 45, messe de No\u00f6l \u00e0\u00a0 Villiers<br \/>\nSamedi 29 d\u00e9cembre, messe \u00e0\u00a0 18 h 30 \u00e0\u00a0 Voulangis,<br \/>\nDimanche 30 d\u00e9cembre \u00e0\u00a0 9 h 45, messe \u00e0\u00a0 Cr\u00e9cy<\/p>\n<p>Tous les d\u00e9tails dans la suite &#8230;<\/p><\/div>\n<div align=\"center\">\n<table bgcolor =\"FFF6F0\" border=0>\n<tbody>\n<tr>\n<td width=400><font color=\"00CC00\"><\/p>\n<div align=\"center\">\n<b>Samedi 22 d\u00e9cembre<\/b><br \/>\n18 h 30 &#8211; Messe \u00e0 Voulangis pour Raymonde et Jean LEROUX.<\/p>\n<p><b>Dimanche 23 d\u00e9cembre<\/b> <br \/> <br \/>\n<i>4\u00e8me dimanche de l&rsquo;Avent<\/i><br \/>\n9 h 45 &#8211; Messe  \u00e0 Cr\u00e9cy pour Michel et Jean DEDIEU.<br \/>\n \u00e0 17 h : \u00e0 Voulangis, r\u00e9p\u00e9tition des chants de No\u00ebl.\n<\/div>\n<p><\/font><\/td>\n<td><font color=\"00CC00\"><\/p>\n<div align=\"center\"><img decoding=\"async\" src=\"\/IMG\/gif\/noel_nativite012.gif\" width=200><\/div>\n<p><\/font><\/td>\n<\/tr>\n<\/tbody>\n<\/table>\n<p><\/p>\n<table bgcolor =\"FFF6F0\" border=0>\n<tbody>\n<tr>\n<td><font color=\"00CC00\"><\/p>\n<div align=\"center\"><img decoding=\"async\" src=\"\/IMG\/gif\/noel_nativite019.gif\" width=200><\/div>\n<p><\/font><\/td>\n<td width=400><font color=\"00CC00\"><\/p>\n<div align=\"center\">\n<b>Lundi 24 d\u00e9cembre<\/b> <br \/> <br \/>\n15 h 30 &#8211; Messe de No\u00ebl \u00e0 la Maison de Retraite.<br \/>\n18 h 30 &#8211; \u00e0 Cr\u00e9cy Messe de la nuit  de No\u00ebl.<br \/>\nMesse d&rsquo;action de gr\u00e2ce pour l&rsquo;anniversaire d&rsquo;Ang\u00e9lus.<\/p>\n<p><b>Mardi 25 d\u00e9cembre <\/b><br \/>\n9 h 45 &#8211;  \u00e0 Villiers, Messe de la NATIVITE DU SEIGNEUR.<\/div>\n<p><\/font><\/td>\n<\/tr>\n<\/tbody>\n<\/table>\n<\/div>\n<p> <\/p>\n<div align=\"center\">\n<table bgcolor =\"F0F0F6\" border=0>\n<tbody>\n<td width=400><font color=\"0E0C40\"><\/p>\n<div align=\"center\">\n<b>Mercredi 26 d\u00e9cembre<\/b><br \/>\n9h &#8211; Messe \u00e0 Cr\u00e9cy pour Jeanne REGALA.<\/p>\n<p><b>Jeudi 27 d\u00e9cembre<\/b><br \/>\nPas de Messe en paroisse.<\/p>\n<p><b>Vendredi 28 d\u00e9cembre<\/b><br \/>\n9 h &#8211;  Messe  \u00e0 Cr\u00e9cy , pour Yvonne et Joseph FERNANDEZ.\n<\/div>\n<p><\/font><\/td>\n<td><font color=\"0E0C40\"><\/p>\n<div align=\"center\"><img decoding=\"async\" src=\"\/IMG\/gif\/noel_nativite008.gif\" width=200><\/div>\n<p><\/font><\/td>\n<\/tr>\n<\/tbody>\n<\/table>\n<p> <\/p>\n<table bgcolor =\"FFF6F0\" border=0>\n<tbody>\n<tr>\n<td><font color=\"00CC00\"><\/p>\n<div align=\"center\"><img decoding=\"async\" src=\"\/IMG\/gif\/noel_nativite030.gif\" width=200><\/div>\n<p><\/font><\/td>\n<td width=400><font color=\"00CC00\"><\/p>\n<div align=\"center\">\n<b>Samedi 29 d\u00e9cembre<\/b><br \/>\n10 h &#8211; Obs\u00e8ques \u00e0 Villiers de Denise BEGUIN.<br \/>\n18 h 30 &#8211;  Messe \u00e0 Voulangis pour   la famille ROSIER-CHIQUET &#8211; nous prions aussi pour Denise BEGUIN inhum\u00e9e ce matin.<\/p>\n<p><b>Dimanche 30 d\u00e9cembre<\/b> <br \/> <br \/>\n9 h 45 &#8211; \u00e0 Cr\u00e9cy , Messe d&rsquo;action de gr\u00e2ce pour Louise KELLY. Nous prions aussi pour Ren\u00e9e HENQUIN et Suzanne LELARD.\n<\/div>\n<p><\/font><\/td>\n<\/tr>\n<\/tbody>\n<\/table>\n<\/div>\n","protected":false},"excerpt":{"rendered":"<p>Voici les annonces de la p\u00e9riode du samedi 22 au dimanche 30 novembre 2018 pour la paroisse des 3 clochers Cr\u00e9cy-la-Chapelle, Villiers-sur-Morin, Voulangis. Samedi 22 d\u00e9cembre, messe \u00e0\u00a0 18 h 30 \u00e0\u00a0 Voulangis, Dimanche&#46;&#46;&#46;<\/p>\n","protected":false},"author":2,"featured_media":0,"comment_status":"open","ping_status":"open","sticky":false,"template":"","format":"standard","meta":{"footnotes":""},"categories":[],"tags":[],"class_list":["post-1190","post","type-post","status-publish","format-standard","hentry"],"_links":{"self":[{"href":"http:\/\/www.chapelle-crecy.com\/index.php?rest_route=\/wp\/v2\/posts\/1190","targetHints":{"allow":["GET"]}}],"collection":[{"href":"http:\/\/www.chapelle-crecy.com\/index.php?rest_route=\/wp\/v2\/posts"}],"about":[{"href":"http:\/\/www.chapelle-crecy.com\/index.php?rest_route=\/wp\/v2\/types\/post"}],"author":[{"embeddable":true,"href":"http:\/\/www.chapelle-crecy.com\/index.php?rest_route=\/wp\/v2\/users\/2"}],"replies":[{"embeddable":true,"href":"http:\/\/www.chapelle-crecy.com\/index.php?rest_route=%2Fwp%2Fv2%2Fcomments&post=1190"}],"version-history":[{"count":0,"href":"http:\/\/www.chapelle-crecy.com\/index.php?rest_route=\/wp\/v2\/posts\/1190\/revisions"}],"wp:attachment":[{"href":"http:\/\/www.chapelle-crecy.com\/index.php?rest_route=%2Fwp%2Fv2%2Fmedia&parent=1190"}],"wp:term":[{"taxonomy":"category","embeddable":true,"href":"http:\/\/www.chapelle-crecy.com\/index.php?rest_route=%2Fwp%2Fv2%2Fcategories&post=1190"},{"taxonomy":"post_tag","embeddable":true,"href":"http:\/\/www.chapelle-crecy.com\/index.php?rest_route=%2Fwp%2Fv2%2Ftags&post=1190"}],"curies":[{"name":"wp","href":"https:\/\/api.w.org\/{rel}","templated":true}]}}