{"id":1195,"date":"2019-01-18T20:34:52","date_gmt":"2019-01-18T20:34:52","guid":{"rendered":""},"modified":"-0001-11-30T00:00:00","modified_gmt":"-0001-11-29T22:00:00","slug":"","status":"publish","type":"post","link":"http:\/\/www.chapelle-crecy.com\/?p=1195","title":{"rendered":"Annonces du 19 au 27 janvier 2019"},"content":{"rendered":"<div align=\"justify\">Voici les annonces de la semaine du samedi 19 au dimanche 27 janvier 2019 pour la paroisse des 3 clochers Cr\u00e9cy-la-Chapelle, Villiers-sur-Morin, Voulangis. <\/p>\n<p>Samedi 19 janvier \u00e0\u00a0 18 h 30, messe \u00e0\u00a0 Villiers, <br \/>\nDimanche 20 janvier \u00e0\u00a0 9 h 45, messe \u00e0\u00a0 Cr\u00e9cy. <br \/> <br \/>\nSamedi 26 janvier \u00e0\u00a0 18 h 30, messe \u00e0\u00a0 Voulangis, <br \/>\nDimanche 27 janvier \u00e0\u00a0 9 h 45, messe \u00e0\u00a0 Cr\u00e9cy. <\/p>\n<p>\nTous les d\u00e9tails dans la suite &#8230;<\/div>\n<div align=\"center\">\n<table bgcolor =\"F0FFF6\" border=0>\n<tbody>\n<tr>\n<td><font color=\"00CC00\"><\/p>\n<div align=\"center\"><img decoding=\"async\" src=\"\/IMG\/personnes\/fabien.jpg\" width=200><br \/>\n<i>Saint Fabien<\/i><\/div>\n<p><\/font><\/td>\n<td width=400><font color=\"00CC00\"><\/p>\n<div align=\"center\">\n<b>Samedi 19 janvier<\/b><br \/>\n18 h 30 &#8211; Messe \u00e0 Villiers.<\/p>\n<p><b>Dimanche 20 janvier<\/b> <br \/> <br \/>\n<i>Saont Fabien<\/i><br \/>\n9 h 45 &#8211; Messe \u00e0 Cr\u00e9cy. nous prierons pour Claude BOURREL et  Monique JULIEN inhum\u00e9es cette semaine.<br \/>\nsamedi 19 et dimanche 20 janvier : QUETE SPECIALE POUR LES SEMINARISTES\n<\/div>\n<p><\/font><\/td>\n<\/tr>\n<\/tbody>\n<\/table>\n<p><\/p>\n<table bgcolor =\"F0F0F6\" border=0>\n<tbody>\n<td width=400><font color=\"0E0C40\"><\/p>\n<div align=\"center\">\n<b>Lundi 21 janvier <\/b><br \/>\n14 h 30 &#8211;  \u00e0 la Coll\u00e9giale,  Obs\u00e8ques de Nicolas de MOUSTIER<br \/>\n17 h &#8211; C\u00e9l\u00e9bration \u00e0 la Maison de Retraite.<\/p>\n<p><b>Mardi 22 janvier <\/b><br \/>\n<i>Saint Vincent<\/i><br \/>\n18 h &#8211; Messe  anniversaire \u00e0 Cr\u00e9cy pour Catherine RUYDAVETS.<\/p>\n<p><b>Mercredi 23 janvier<\/b><br \/>\n9 h &#8211;  Messe \u00e0 Cr\u00e9cy.\n<\/div>\n<p><\/font><\/td>\n<td><font color=\"0E0C40\"><\/p>\n<div align=\"center\"><img decoding=\"async\" src=\"\/IMG\/personnes\/vincent_sar.jpg\" width=200><br \/><i>Saint Vincent<\/i><\/div>\n<p><\/font><\/td>\n<\/tr>\n<\/tbody>\n<\/table>\n<p> <\/p>\n<table bgcolor =\"FFF6F0\" border=0>\n<tbody>\n<tr>\n<td><font color=\"BB3300\"><\/p>\n<div align=\"center\"><img decoding=\"async\" src=\"\/IMG\/personnes\/francois_sales.jpg\" width=200><br \/>\n<i>Saint Fran\u00e7ois de Salles<\/i><\/div>\n<p><\/font><\/td>\n<td width=400><font color=\"BB3300\"><\/p>\n<div align=\"center\">\n<b>Jeudi 24 janvier<\/b><br \/>\n<i>Saint Fran\u00e7ois de Salles<\/i><br \/>\nPas de messe en paroisse.<\/p>\n<p><b>Vendredi 25 janvier<\/b><br \/> <br \/>\n9 h &#8211; Messe \u00e0 Cr\u00e9cy.\n<\/div>\n<p><\/font><\/td>\n<\/tr>\n<\/tbody>\n<\/table>\n<p><\/p>\n<table bgcolor =\"F0FFF6\" border=0>\n<tbody>\n<tr>\n<td width=400><font color=\"00CC00\"><\/p>\n<div align=\"center\">\n<b>Samedi 26 janvier<\/b><br \/>\n18 h 30 &#8211; Messe \u00e0 Voulangis pour Jean LEVESQUE inhum\u00e9 jeudi dernier \u00e0 Voulangis<br \/>\n.<\/p>\n<p><b>Dimanche 27 janvier<\/b> <br \/> <br \/>\n<i> Sainte Agnela Merici<\/i><br \/>\n9 h 45 &#8211; Messe \u00e0 Cr\u00e9cy c\u00e9l\u00e9br\u00e9e pour Nicolas de MOUSTIER inhum\u00e9 cette semaine.\n<\/div>\n<p><\/font><\/td>\n<td><font color=\"00CC00\"><\/p>\n<div align=\"center\"><img decoding=\"async\" src=\"\/IMG\/personnes\/angela_merici.jpg\" width=200><br \/>\n<i>Sainte Agnela Merici<\/i><\/div>\n<p><\/font><\/td>\n<\/tr>\n<\/tbody>\n<\/table>\n<\/div>\n","protected":false},"excerpt":{"rendered":"<p>Voici les annonces de la semaine du samedi 19 au dimanche 27 janvier 2019 pour la paroisse des 3 clochers Cr\u00e9cy-la-Chapelle, Villiers-sur-Morin, Voulangis. Samedi 19 janvier \u00e0\u00a0 18 h 30, messe \u00e0\u00a0 Villiers, Dimanche&#46;&#46;&#46;<\/p>\n","protected":false},"author":2,"featured_media":0,"comment_status":"open","ping_status":"open","sticky":false,"template":"","format":"standard","meta":{"footnotes":""},"categories":[],"tags":[],"class_list":["post-1195","post","type-post","status-publish","format-standard","hentry"],"_links":{"self":[{"href":"http:\/\/www.chapelle-crecy.com\/index.php?rest_route=\/wp\/v2\/posts\/1195","targetHints":{"allow":["GET"]}}],"collection":[{"href":"http:\/\/www.chapelle-crecy.com\/index.php?rest_route=\/wp\/v2\/posts"}],"about":[{"href":"http:\/\/www.chapelle-crecy.com\/index.php?rest_route=\/wp\/v2\/types\/post"}],"author":[{"embeddable":true,"href":"http:\/\/www.chapelle-crecy.com\/index.php?rest_route=\/wp\/v2\/users\/2"}],"replies":[{"embeddable":true,"href":"http:\/\/www.chapelle-crecy.com\/index.php?rest_route=%2Fwp%2Fv2%2Fcomments&post=1195"}],"version-history":[{"count":0,"href":"http:\/\/www.chapelle-crecy.com\/index.php?rest_route=\/wp\/v2\/posts\/1195\/revisions"}],"wp:attachment":[{"href":"http:\/\/www.chapelle-crecy.com\/index.php?rest_route=%2Fwp%2Fv2%2Fmedia&parent=1195"}],"wp:term":[{"taxonomy":"category","embeddable":true,"href":"http:\/\/www.chapelle-crecy.com\/index.php?rest_route=%2Fwp%2Fv2%2Fcategories&post=1195"},{"taxonomy":"post_tag","embeddable":true,"href":"http:\/\/www.chapelle-crecy.com\/index.php?rest_route=%2Fwp%2Fv2%2Ftags&post=1195"}],"curies":[{"name":"wp","href":"https:\/\/api.w.org\/{rel}","templated":true}]}}