{"id":1196,"date":"2019-01-27T10:04:24","date_gmt":"2019-01-27T10:04:24","guid":{"rendered":""},"modified":"-0001-11-30T00:00:00","modified_gmt":"-0001-11-29T22:00:00","slug":"","status":"publish","type":"post","link":"http:\/\/www.chapelle-crecy.com\/?p=1196","title":{"rendered":"Annonces du 28 janvier au 3 f\u00e9vrier 2019"},"content":{"rendered":"<div align=\"justify\">Voici les annonces de la semaine du lundi 28 f\u00e9vrier au dimanche 3 f\u00e9vrier 2019 pour la paroisse des 3 clochers Cr\u00e9cy-la-Chapelle, Villiers-sur-Morin, Voulangis. <\/p>\n<p>Samedi 2 f\u00e9vrier \u00e0\u00a0 18 h 30, messe \u00e0\u00a0 Villiers, <br \/>\nDimanche 3 f\u00e9vrier \u00e0\u00a0 9 h 45, messe \u00e0\u00a0 Cr\u00e9cy. <\/p>\n<p>Tous les d\u00e9tails dans la suite &#8230;<\/p><\/div>\n<div align=\"center\">\n<table bgcolor =\"F0F0F6\" border=0>\n<tbody>\n<td width=400><font color=\"0E0C40\"><\/p>\n<div align=\"center\">\n<b>Lundi 28 janvier <\/b><br \/>\n<i>Saint Thomas d&rsquo;Aquin<\/i><br \/>\n17 h &#8211; Messe  \u00e0 a Maison de Retraite pour Jean DEBAY.<\/p>\n<p><b>Mardi 29 janvier <\/b><br \/>\n18 h &#8211; Messe \u00e0 Cr\u00e9cy, messe anniversaire pour Jean ROSIER.<\/p>\n<p><b>Mercredi 30 janvier<\/b><br \/>\n9 h &#8211;  Messe \u00e0 Cr\u00e9cy.\n<\/div>\n<p><\/font><\/td>\n<td><font color=\"0E0C40\"><\/p>\n<div align=\"center\"><img decoding=\"async\" src=\"\/IMG\/personnes\/thomas_daquin.jpg\" width=200><br \/><i>Saint Thomas d&rsquo;Aquin<\/i><\/div>\n<p><\/font><\/td>\n<\/tr>\n<\/tbody>\n<\/table>\n<p> <\/p>\n<table bgcolor =\"FFF6F0\" border=0>\n<tbody>\n<tr>\n<td><font color=\"BB3300\"><\/p>\n<div align=\"center\"><img decoding=\"async\" src=\"\/IMG\/personnes\/jean_bosco.jpg\" width=200><br \/>\n<i>St Jean Bosco<\/i><\/div>\n<p><\/font><\/td>\n<td width=400><font color=\"BB3300\"><\/p>\n<div align=\"center\">\n<b>Jeudi 31 janvier<\/b><br \/>\n<i>St Jean Bosco<\/i><br \/>\nPas de messe en paroisse.<\/p>\n<p><b>Vendredi 1er f\u00e9vrier<\/b><br \/> <br \/>\nPas de messe en paroisse.\n<\/div>\n<p><\/font><\/td>\n<\/tr>\n<\/tbody>\n<\/table>\n<p><\/p>\n<table bgcolor =\"F0FFF6\" border=0>\n<tbody>\n<tr>\n<td width=400><font color=\"00CC00\"><\/p>\n<div align=\"center\">\n<b>Samedi 2 f\u00e9vrier<\/b><br \/>\n<i>Pr\u00e9sentation du Seigneur  (f\u00eate de la Chandeleur)<\/i><br \/>\n18 h 30 &#8211; Messe \u00e0 Villiers pour Elisabeth BEGE.<\/p>\n<p><b>Dimanche 3 f\u00e9vrier<\/b> <br \/> <br \/>\n<i>Saint Blaise<\/i><br \/>\n9 h 45 &#8211; Messe \u00e0 Cr\u00e9cy pour Mr HERVIN.\n<\/div>\n<p><\/font><\/td>\n<td><font color=\"00CC00\"><\/p>\n<div align=\"center\"><img decoding=\"async\" src=\"\/IMG\/personnes\/blaise.jpg\" width=200><br \/>\n<i>Saint Blaise<\/i><\/div>\n<p><\/font><\/td>\n<\/tr>\n<\/tbody>\n<\/table>\n<\/div>\n","protected":false},"excerpt":{"rendered":"<p>Voici les annonces de la semaine du lundi 28 f\u00e9vrier au dimanche 3 f\u00e9vrier 2019 pour la paroisse des 3 clochers Cr\u00e9cy-la-Chapelle, Villiers-sur-Morin, Voulangis. Samedi 2 f\u00e9vrier \u00e0\u00a0 18 h 30, messe \u00e0\u00a0 Villiers,&#46;&#46;&#46;<\/p>\n","protected":false},"author":2,"featured_media":0,"comment_status":"open","ping_status":"open","sticky":false,"template":"","format":"standard","meta":{"footnotes":""},"categories":[],"tags":[],"class_list":["post-1196","post","type-post","status-publish","format-standard","hentry"],"_links":{"self":[{"href":"http:\/\/www.chapelle-crecy.com\/index.php?rest_route=\/wp\/v2\/posts\/1196","targetHints":{"allow":["GET"]}}],"collection":[{"href":"http:\/\/www.chapelle-crecy.com\/index.php?rest_route=\/wp\/v2\/posts"}],"about":[{"href":"http:\/\/www.chapelle-crecy.com\/index.php?rest_route=\/wp\/v2\/types\/post"}],"author":[{"embeddable":true,"href":"http:\/\/www.chapelle-crecy.com\/index.php?rest_route=\/wp\/v2\/users\/2"}],"replies":[{"embeddable":true,"href":"http:\/\/www.chapelle-crecy.com\/index.php?rest_route=%2Fwp%2Fv2%2Fcomments&post=1196"}],"version-history":[{"count":0,"href":"http:\/\/www.chapelle-crecy.com\/index.php?rest_route=\/wp\/v2\/posts\/1196\/revisions"}],"wp:attachment":[{"href":"http:\/\/www.chapelle-crecy.com\/index.php?rest_route=%2Fwp%2Fv2%2Fmedia&parent=1196"}],"wp:term":[{"taxonomy":"category","embeddable":true,"href":"http:\/\/www.chapelle-crecy.com\/index.php?rest_route=%2Fwp%2Fv2%2Fcategories&post=1196"},{"taxonomy":"post_tag","embeddable":true,"href":"http:\/\/www.chapelle-crecy.com\/index.php?rest_route=%2Fwp%2Fv2%2Ftags&post=1196"}],"curies":[{"name":"wp","href":"https:\/\/api.w.org\/{rel}","templated":true}]}}