{"id":120,"date":"2009-05-11T10:24:00","date_gmt":"2009-05-11T10:24:00","guid":{"rendered":""},"modified":"-0001-11-30T00:00:00","modified_gmt":"-0001-11-29T22:00:00","slug":"","status":"publish","type":"post","link":"http:\/\/www.chapelle-crecy.com\/?p=120","title":{"rendered":"C&rsquo;est le mois de Marie"},"content":{"rendered":"<table bgcolor =\"F0FAFF\" border=0>\n<tbody>\n<tr>\n<td>\n<div align=\"justify\">\n<div \"29\">\nLe moi de Mai, c&rsquo;est le mois de Marie! Ce beau mois de Mai est consacr\u00e9 \u00e0\u00a0 la Vierge Marie depuis le XVIII\u00e8me si\u00e8cle, sous l&rsquo;influence des J\u00e9suites.<br \/>\nAutrefois, les personnes se rassemblaient tous les soirs ou presque \u00e0\u00a0 l&rsquo;\u00e9glise pour un office marial o\u00f9 l&rsquo;on priait le chapelet et chantait des cantiques \u00e0\u00a0 la Bienheureuse M\u00e8re de Dieu. <\/div>\n<\/div>\n<\/td>\n<\/tr>\n<\/tbody>\n<\/table>\n<table bgcolor =\"F0FAFF\" border=0>\n<tbody>\n<tr>\n<td>\n<div align=\"justify\">C&rsquo;\u00e9tait le mois des bapt\u00eames et des premi\u00e8res communions o\u00f9 les enfants \u00e9taient particuli\u00e8rement confi\u00e9s \u00e0 la \u00ab\u00a0Bonne M\u00e8re du Ciel\u00a0\u00bb. Je vous souhaite donc \u00e0 tous un tr\u00e8s beau mois de Mai, mois o\u00f9 nous sommes tout sp\u00e9cialement invit\u00e9 \u00e0 prier Marie, notre Maman du Ciel. A Cr\u00e9cy, la Coll\u00e9giale est sous la protection de la Vierge Marie. Elle porte d&rsquo;ailleurs le magnifique nom de Notre-Dame de l&rsquo;Assomption. <br \/>\nDe nombreuses c\u00e9r\u00e9monies y seront c\u00e9l\u00e9br\u00e9es :<br \/>\n&#8211; Premi\u00e8re communion: 6 juin<br \/>\n&#8211; Profession de foi: 23 mai, jour de la Pentec\u00f4te<br \/>\n&#8211; Messe d&rsquo;Action de Gr\u00e2ces: 27 juin<\/p>\n<p>En entrant dans ce magnifique \u00e9difice, je vous invite \u00e0 admirer le portail de la Coll\u00e9giale, dont voici ci-apr\u00e8s une description de ses 3 registres faite par un amateur. D&rsquo;autres sculptures pr\u00e9sentes \u00e0 l&rsquo;int\u00e9rieur de l&rsquo;\u00e9glise seront d\u00e9taill\u00e9es prochainement dans ce site.  <\/p>\n<div align=\"center\">\n<img decoding=\"async\" src=\"\/IMG\/jpg\/portail_collegiale.JPG\" width=500\"><\/div>\n<div align=\"justify\">\n\u00abLe portail: sur ses trois registres, il est d\u00e9di\u00e9 \u00e0 la Vierge Marie. De composition tr\u00e8s a\u00e9r\u00e9e, il rompt avec la sym\u00e9trie coutumi\u00e8re des portails surtout dans ses deux registres inf\u00e9rieurs. Son originalit\u00e9 esth\u00e9tique, \u00e0 mes yeux r\u00e9side dans le leitmotif des mains jointes, toujours repr\u00e9sent\u00e9es sous le m\u00eame angle  et par la s\u00e9r\u00e9nit\u00e9 souriante des visages qui rappelle l&rsquo;expression de l&rsquo;Archange de la cath\u00e9drale de Chartres et de Reims. D&rsquo;un humanisme accueillant et triomphant, cette oeuvre semble dater du XIV\u00e8me si\u00e8cle.<br \/>\nLe registre inf\u00e9rieur repr\u00e9sente la Nativit\u00e9. A droite de la Vierge, les trois rois mages stylis\u00e9s \u00e0 la mani\u00e8re du portrait de Saint Louis. A sa gauche Saint Joseph portant un b\u00e2ton de voyage qui \u00e9voque la fuite en Egypte. Sur la droite de ce registre, une sc\u00e8ne difficilement identifiable prolonge-t-elle la Nativit\u00e9? D\u00e8s lors, l&rsquo;ange annoncerait l&rsquo;heureux av\u00e8nement. L&rsquo;enfant au port royal, les mains jointes serait-il J\u00e9sus enfant? Faut-il voir \u00e0 l&rsquo;extr\u00eame droite dans la partie inf\u00e9rieure la main de Dieu? C&rsquo;est peu probable. Ou bien faut-il interpr\u00e9ter cette sc\u00e8ne comme l&rsquo;expression de la protection divine du P\u00e8re sur J\u00e9sus par la m\u00e9ditation de l&rsquo;Ange qui invite Joseph \u00e0 fuir, ou accueille la Sainte Famille apr\u00e8s son retour d&rsquo;Egypte?<\/p>\n<p>Le registre moyen juxtapose \u00e9trangement, \u00e0 gauche une repr\u00e9sentation de l&rsquo;Assomption de la Vierge Marie dans un lobe glorieux, port\u00e9e par deux anges. Mais j&rsquo;ai gard\u00e9 l&rsquo;impression qu&rsquo;elle est d\u00e9j\u00e0 couronn\u00e9e: je n&rsquo;en suis pas s\u00fbr. A droite Saint Martin partageant son manteau avec un pauvre. <br \/>\nLe registre sup\u00e9rieur c\u00e9l\u00e8bre le couronnement de la Vierge: la Vierge Reine du Ciel. A sa droite, un Archange, \u00e0 sa gauche le Christ, en bas \u00e0 droite un autre ange \u00e0 plus petite \u00e9chelle, agenouill\u00e9 (comme pour r\u00e9tablir l&rsquo;\u00e9quilibre de la sc\u00e8ne).<br \/>\nLa sym\u00e9trie toute relative de ces trois registres doit-elle \u00eatre interpr\u00e9t\u00e9e comme l&rsquo;expression de la limite de cr\u00e9ativit\u00e9 des sculpteurs (qui ont su n\u00e9anmoins bien reproduire les canons des grands monuments religieux qui font date) ou bien par la n\u00e9cessit\u00e9 d&rsquo;un d\u00e9pouillement impos\u00e9 par les dimensions r\u00e9duites de ce portail?<br \/>\nLa pr\u00e9sence de Saint Martin aupr\u00e8s de la Vierge, au deuxi\u00e8me registre atteste-t-elle une influence franciscaine ou cistercienne? A noter que Saint Bernard de Clairvaux, dans son sermon sur l&rsquo;Assomption parle de la \u00abReine des Cieux, notre souveraine\u00bb. le visage de la Vierge souriant et poupin rappelle \u00abl&rsquo;art\u00bb royal de l&rsquo;\u00e9cole de Paris et Ecouy. \u00bb<\/p>\n<p>Jean Fabre<\/p>\n<table bgcolor =\"FFF0FA\" border=1>\n<tbody>\n<tr>\n<td>\n M\u00e8re, <br \/>\nToi qui connais les souffrances et les esp\u00e9rances de l&rsquo;Eglise et du monde, <br \/>\nassiste tes enfants dans les \u00e9preuves quotidiennes que la vie r\u00e9serve \u00e0 chacun <br \/>et fais que, gr\u00e2ce aux efforts de tous,<br \/>\nles t\u00e9n\u00e8bres ne l&#8217;emportent pas sur la lumi\u00e8re.<br \/>\nA toi, aurore du salut, nous confions notre marche<br \/>\ndans le nouveau mill\u00e9naire, afin que, sous ta conduite,<br \/>\ntous les hommes d\u00e9couvrent le Christ,<br \/>\nlumi\u00e8re du monde et unique sauveur,<br \/>\nqui r\u00e8gne avec le P\u00e8re et l&rsquo;Esprit Saint<br \/>\npour les si\u00e8cles des si\u00e8cles. Amen.<\/p>\n<p>Jean-Paul II<\/td>\n<\/tr>\n<\/tbody>\n<\/table>\n<\/div>\n<\/td>\n<\/tr>\n<\/tbody>\n<\/table>\n","protected":false},"excerpt":{"rendered":"<p>Le moi de Mai, c&rsquo;est le mois de Marie! Ce beau mois de Mai est consacr\u00e9 \u00e0\u00a0 la Vierge Marie depuis le XVIII\u00e8me si\u00e8cle, sous l&rsquo;influence des J\u00e9suites. Autrefois, les personnes se rassemblaient tous&#46;&#46;&#46;<\/p>\n","protected":false},"author":2,"featured_media":0,"comment_status":"open","ping_status":"open","sticky":false,"template":"","format":"standard","meta":{"footnotes":""},"categories":[],"tags":[],"class_list":["post-120","post","type-post","status-publish","format-standard","hentry"],"_links":{"self":[{"href":"http:\/\/www.chapelle-crecy.com\/index.php?rest_route=\/wp\/v2\/posts\/120","targetHints":{"allow":["GET"]}}],"collection":[{"href":"http:\/\/www.chapelle-crecy.com\/index.php?rest_route=\/wp\/v2\/posts"}],"about":[{"href":"http:\/\/www.chapelle-crecy.com\/index.php?rest_route=\/wp\/v2\/types\/post"}],"author":[{"embeddable":true,"href":"http:\/\/www.chapelle-crecy.com\/index.php?rest_route=\/wp\/v2\/users\/2"}],"replies":[{"embeddable":true,"href":"http:\/\/www.chapelle-crecy.com\/index.php?rest_route=%2Fwp%2Fv2%2Fcomments&post=120"}],"version-history":[{"count":0,"href":"http:\/\/www.chapelle-crecy.com\/index.php?rest_route=\/wp\/v2\/posts\/120\/revisions"}],"wp:attachment":[{"href":"http:\/\/www.chapelle-crecy.com\/index.php?rest_route=%2Fwp%2Fv2%2Fmedia&parent=120"}],"wp:term":[{"taxonomy":"category","embeddable":true,"href":"http:\/\/www.chapelle-crecy.com\/index.php?rest_route=%2Fwp%2Fv2%2Fcategories&post=120"},{"taxonomy":"post_tag","embeddable":true,"href":"http:\/\/www.chapelle-crecy.com\/index.php?rest_route=%2Fwp%2Fv2%2Ftags&post=120"}],"curies":[{"name":"wp","href":"https:\/\/api.w.org\/{rel}","templated":true}]}}