{"id":1203,"date":"2019-03-11T21:09:01","date_gmt":"2019-03-11T21:09:01","guid":{"rendered":""},"modified":"-0001-11-30T00:00:00","modified_gmt":"-0001-11-29T22:00:00","slug":"","status":"publish","type":"post","link":"http:\/\/www.chapelle-crecy.com\/?p=1203","title":{"rendered":"Assembl\u00e9e G\u00e9n\u00e9rale de Amiti\u00e9-Brie-B\u00e9nin"},"content":{"rendered":"<div align=\"justify\">L&rsquo;assembl\u00e9e G\u00e9n\u00e9rale de Amiti\u00e9-Brie-B\u00e9nin aura lieu vendredi 15 mars 2019 \u00e0 20h30<br \/>\n salle de justice, mairie de Cr\u00e9cy-la-Chapelle.<br \/>\nVenez nombreux d\u00e9couvrir :<br \/>\n&#8211; Le voyage au B\u00e9nin pendant les vacances de No\u00ebl<br \/>\n&#8211; La construction des 3 classes \u00e0 l&rsquo;\u00e9cole Houngo<br \/>\n&#8211; L&rsquo;\u00e9volution des r\u00e9alisations \u00e0 la ferme de Tori: exploitation agricole: \u00e9levage de poules pondeuses, cultures mara \u00eech\u00e8res&#8230; et ch\u00e2teau d&rsquo;eau<br \/>\n&#8211; Les projets 2019<\/div>\n<div align=\"center\"><img decoding=\"async\" src=\"\/IMG\/reportages\/tori\/abb_ag2019.jpg\"><\/div>\n","protected":false},"excerpt":{"rendered":"<p>L&rsquo;assembl\u00e9e G\u00e9n\u00e9rale de Amiti\u00e9-Brie-B\u00e9nin aura lieu vendredi 15 mars 2019 \u00e0 20h30 salle de justice, mairie de Cr\u00e9cy-la-Chapelle. Venez nombreux d\u00e9couvrir : &#8211; Le voyage au B\u00e9nin pendant les vacances de No\u00ebl &#8211; La&#46;&#46;&#46;<\/p>\n","protected":false},"author":2,"featured_media":0,"comment_status":"open","ping_status":"open","sticky":false,"template":"","format":"standard","meta":{"footnotes":""},"categories":[],"tags":[],"class_list":["post-1203","post","type-post","status-publish","format-standard","hentry"],"_links":{"self":[{"href":"http:\/\/www.chapelle-crecy.com\/index.php?rest_route=\/wp\/v2\/posts\/1203","targetHints":{"allow":["GET"]}}],"collection":[{"href":"http:\/\/www.chapelle-crecy.com\/index.php?rest_route=\/wp\/v2\/posts"}],"about":[{"href":"http:\/\/www.chapelle-crecy.com\/index.php?rest_route=\/wp\/v2\/types\/post"}],"author":[{"embeddable":true,"href":"http:\/\/www.chapelle-crecy.com\/index.php?rest_route=\/wp\/v2\/users\/2"}],"replies":[{"embeddable":true,"href":"http:\/\/www.chapelle-crecy.com\/index.php?rest_route=%2Fwp%2Fv2%2Fcomments&post=1203"}],"version-history":[{"count":0,"href":"http:\/\/www.chapelle-crecy.com\/index.php?rest_route=\/wp\/v2\/posts\/1203\/revisions"}],"wp:attachment":[{"href":"http:\/\/www.chapelle-crecy.com\/index.php?rest_route=%2Fwp%2Fv2%2Fmedia&parent=1203"}],"wp:term":[{"taxonomy":"category","embeddable":true,"href":"http:\/\/www.chapelle-crecy.com\/index.php?rest_route=%2Fwp%2Fv2%2Fcategories&post=1203"},{"taxonomy":"post_tag","embeddable":true,"href":"http:\/\/www.chapelle-crecy.com\/index.php?rest_route=%2Fwp%2Fv2%2Ftags&post=1203"}],"curies":[{"name":"wp","href":"https:\/\/api.w.org\/{rel}","templated":true}]}}