{"id":1204,"date":"2019-03-16T19:04:47","date_gmt":"2019-03-16T19:04:47","guid":{"rendered":""},"modified":"-0001-11-30T00:00:00","modified_gmt":"-0001-11-29T22:00:00","slug":"","status":"publish","type":"post","link":"http:\/\/www.chapelle-crecy.com\/?p=1204","title":{"rendered":"Annonces du 18 au 24 mars 2019"},"content":{"rendered":"<div align=\"justify\">Voici les annonces de la semaine du lundi 18 au dimanche 24 mars 2019 pour la paroisse des 3 clochers Cr\u00e9cy-la-Chapelle, Villiers-sur-Morin, Voulangis. <\/p>\n<p>Samedi 23 mars \u00e0\u00a0 18 h 30, messe \u00e0\u00a0 Villiers, <br \/>\nDimanche 24 mars \u00e0\u00a0 9 h 45, messe \u00e0\u00a0 Cr\u00e9cy. <\/p>\n<p>Tous les d\u00e9tails dans la suite &#8230;<\/p><\/div>\n<div align=\"center\">\n<table bgcolor =\"F0F0F6\" border=0>\n<tbody>\n<td width=400><font color=\"0E0C40\"><\/p>\n<div align=\"center\">\n<b>Lundi 18 mars <\/b><br \/>\n17 h  &#8211;  c\u00e9l\u00e9bration  \u00e0  la Maison de Retraite.<br \/>\n20 h 30 &#8211; R\u00e9union de l&rsquo;Equipe d&rsquo;Animation Pastorale.<\/p>\n<p><b>Mardi 19 mars <\/b><br \/>\n<i>Saint Joseph<\/i><br \/>\n18 h &#8211; \u00e0 Cr\u00e9cy Messe anniversaire pour Pierre LOUIS.<\/p>\n<p><b>Mercredi 20 mars<\/b><br \/>\n9 h &#8211; Messe \u00e0 Cr\u00e9cy.\n<\/div>\n<p><\/font><\/td>\n<td><font color=\"0E0C40\"><\/p>\n<div align=\"center\"><img decoding=\"async\" src=\"\/IMG\/personnes\/joseph.jpg\" width=200><br \/><i>Saint Joseph<\/i><\/div>\n<p><\/font><\/td>\n<\/tr>\n<\/tbody>\n<\/table>\n<p> <\/p>\n<table bgcolor =\"FFF6F0\" border=0>\n<tbody>\n<tr>\n<td><font color=\"BB3300\"><\/p>\n<div align=\"center\"><img decoding=\"async\" src=\"\/IMG\/personnes\/lea.jpg\" width=200><br \/>\n<i>Sainte L\u00e9a<\/i><\/div>\n<p><\/font><\/td>\n<td width=400><font color=\"BB3300\"><\/p>\n<div align=\"center\">\n<b>Jeudi 21 mars<\/b><br \/>\nPas de messe.<\/p>\n<p>\n<b>Vendredi 22 mars<\/b><br \/> <br \/>\n<i>Sainte L\u00e9a<\/i><br \/>\n9 h &#8211; Messe \u00e0 Cr\u00e9cy.\n<\/div>\n<p><\/font><\/td>\n<\/tr>\n<\/tbody>\n<\/table>\n<p><\/p>\n<table bgcolor =\"F0FFF6\" border=0>\n<tbody>\n<tr>\n<td width=400><font color=\"00CC00\"><\/p>\n<div align=\"center\">\n<b>Samedi 23 mars<\/b><br \/>\n10h-12h et 14h-16h &#8211; Parcours \u00ab\u00a0Venez et Voyez\u00a0\u00bb \u00e0 la salle paroissiale de Cr\u00e9cy<br \/>\n18 h 30 &#8211; Messe \u00e0 VILLIERS pour Jean ROSIER.<\/p>\n<p><b>Dimanche 24 mars<\/b> <br \/> <br \/>\n<i>3e dimanche de Car\u00eame<\/i><br \/>\n<i>ainte Catherine de Su\u00e8de<\/i><br \/>\nA Cr\u00e9cy Messe anniversaire pour Fran\u00e7ois de LAUBRIERE.<br \/>\nElle est \u00e9galement c\u00e9l\u00e9br\u00e9e pour Camille NELLER.<br \/>\nPremier scrutin en vue du bapt\u00eame de trois cat\u00e9chum\u00e8nes : Emma, Mireille et Jean-Yves.<\/p>\n<p>A la fin des messes de ce samedi et dimanche : VENTE DE GATEAUX au profit des jeunes de l&rsquo;Aum\u00f4nerie pour participer au FRAT.\n<\/p><\/div>\n<p><\/font><\/td>\n<td><font color=\"00CC00\"><\/p>\n<div align=\"center\"><img decoding=\"async\" src=\"\/IMG\/personnes\/catherine_suede.jpg\" width=200><br \/>\n<i>ainte Catherine de Su\u00e8de<\/i><\/div>\n<p><\/font><\/td>\n<\/tr>\n<\/tbody>\n<\/table>\n<\/div>\n","protected":false},"excerpt":{"rendered":"<p>Voici les annonces de la semaine du lundi 18 au dimanche 24 mars 2019 pour la paroisse des 3 clochers Cr\u00e9cy-la-Chapelle, Villiers-sur-Morin, Voulangis. Samedi 23 mars \u00e0\u00a0 18 h 30, messe \u00e0\u00a0 Villiers, Dimanche&#46;&#46;&#46;<\/p>\n","protected":false},"author":2,"featured_media":0,"comment_status":"open","ping_status":"open","sticky":false,"template":"","format":"standard","meta":{"footnotes":""},"categories":[],"tags":[],"class_list":["post-1204","post","type-post","status-publish","format-standard","hentry"],"_links":{"self":[{"href":"http:\/\/www.chapelle-crecy.com\/index.php?rest_route=\/wp\/v2\/posts\/1204","targetHints":{"allow":["GET"]}}],"collection":[{"href":"http:\/\/www.chapelle-crecy.com\/index.php?rest_route=\/wp\/v2\/posts"}],"about":[{"href":"http:\/\/www.chapelle-crecy.com\/index.php?rest_route=\/wp\/v2\/types\/post"}],"author":[{"embeddable":true,"href":"http:\/\/www.chapelle-crecy.com\/index.php?rest_route=\/wp\/v2\/users\/2"}],"replies":[{"embeddable":true,"href":"http:\/\/www.chapelle-crecy.com\/index.php?rest_route=%2Fwp%2Fv2%2Fcomments&post=1204"}],"version-history":[{"count":0,"href":"http:\/\/www.chapelle-crecy.com\/index.php?rest_route=\/wp\/v2\/posts\/1204\/revisions"}],"wp:attachment":[{"href":"http:\/\/www.chapelle-crecy.com\/index.php?rest_route=%2Fwp%2Fv2%2Fmedia&parent=1204"}],"wp:term":[{"taxonomy":"category","embeddable":true,"href":"http:\/\/www.chapelle-crecy.com\/index.php?rest_route=%2Fwp%2Fv2%2Fcategories&post=1204"},{"taxonomy":"post_tag","embeddable":true,"href":"http:\/\/www.chapelle-crecy.com\/index.php?rest_route=%2Fwp%2Fv2%2Ftags&post=1204"}],"curies":[{"name":"wp","href":"https:\/\/api.w.org\/{rel}","templated":true}]}}