{"id":1206,"date":"2019-03-29T16:42:32","date_gmt":"2019-03-29T16:42:32","guid":{"rendered":""},"modified":"-0001-11-30T00:00:00","modified_gmt":"-0001-11-29T22:00:00","slug":"","status":"publish","type":"post","link":"http:\/\/www.chapelle-crecy.com\/?p=1206","title":{"rendered":"Annonces du 1er au  7 avril 2019"},"content":{"rendered":"<div align=\"justify\">Voici les annonces de la semaine du lundi 1er au dimanche 7 avril 2019 pour la paroisse des 3 clochers Cr\u00e9cy-la-Chapelle, Villiers-sur-Morin, Voulangis. <\/p>\n<p>Dimanche 7 avril \u00e0\u00a0 9 h 45, messe \u00e0\u00a0 la Coll\u00e9giale. <\/p>\n<p>Tous les d\u00e9tails dans la suite &#8230;<\/p><\/div>\n<div align=\"center\">\n<table bgcolor =\"F0F0F6\" border=0>\n<tbody>\n<td width=400><font color=\"0E0C40\"><\/p>\n<div align=\"center\">\n<b>Lundi 1er avril <\/b><br \/>\n14 h 30 &#8211; R\u00e9union de l&rsquo;\u00e9quipe du Rosaire chez Mme BACOUP.<br \/>\n17 h &#8211; C\u00e9l\u00e9bration \u00e0  la Maison de Retraite.<\/p>\n<p>\n<b>Mardi 2 avril <\/b><br \/>\n10 h 30 &#8211; \u00e0 Cr\u00e9cy, Obs\u00e8ques de Madeleine RABOUAN.<br \/>\n18 h &#8211; Messe \u00e0 Cr\u00e9cy pour Gaby BEAUMONT.<\/p>\n<p><b>Mercredi 3 avril<\/b><br \/>\n<i>Saint Richard de Chichester<\/i><br \/>\n9 h &#8211; \u00e0 Cr\u00e9cy Messe anniversaire pourMario CARPANEDO.\n<\/div>\n<p><\/font><\/td>\n<td><font color=\"0E0C40\"><\/p>\n<div align=\"center\"><img decoding=\"async\" src=\"\/IMG\/personnes\/richard_chichester.jpg\" width=200><br \/><i>Saint Richard de Chichester<\/i><\/div>\n<p><\/font><\/td>\n<\/tr>\n<\/tbody>\n<\/table>\n<p> <\/p>\n<table bgcolor =\"FFF6F0\" border=0>\n<tbody>\n<tr>\n<td><font color=\"BB3300\"><\/p>\n<div align=\"center\"><img decoding=\"async\" src=\"\/IMG\/personnes\/irene.jpg\" width=200><br \/>\n<i>Sainte Ir\u00e8ne<\/i><\/div>\n<p><\/font><\/td>\n<td width=400><font color=\"BB3300\"><\/p>\n<div align=\"center\">\n<b>Jeudi 4 avril<\/b><br \/>\nPas de messe.<br \/>\n20 h 30 &#8211; R\u00e9union de pr\u00e9paration de la Vigile Pascale <\/p>\n<p><b>Vendredi 5 avril<\/b><br \/> <br \/>\n<i>Sainte Ir\u00e8ne<\/i><br \/>\n9 h &#8211; Messe \u00e0 Cr\u00e9cy.<br \/>\n9 h 30 \u00e0 10 h &#8211; Adoration du Saint Sacrement.<br \/>\n10 h &#8211; \u00e0 Cr\u00e9cy, Obs\u00e8ques de Pierre THION.\n<\/div>\n<p><\/font><\/td>\n<\/tr>\n<\/tbody>\n<\/table>\n<p><\/p>\n<table bgcolor =\"F0FFF6\" border=0>\n<tbody>\n<tr>\n<td width=400><font color=\"00CC00\"><\/p>\n<div align=\"center\">\n<b>Samedi 6 avril<\/b><br \/>\nJOURNEE DU PARDON \u00e0 St Jean Bosco.<br \/>\nPas de messe anticip\u00e9e.<\/p>\n<p><b>Dimanche 7 avril<\/b> <br \/> <br \/>\n<i>5e dimanche de Car\u00eame<\/i><br \/>\n<i>St Jean-Baptiste de la Salle<\/i><br \/>\n9 h 45 &#8211; Messe en famille \u00e0 la COLLEGIALE.<br \/>\nElle est c\u00e9l\u00e9br\u00e9e pour Philip et Mireille MUDGETT qu\u00eate pour le CCFD <br \/>\n***<br \/>\n CELEBRATION PENITENTIELLE AVEC CONFESSION INDIVIDUELLE en l&rsquo;\u00e9glise Jean Bosco, \u00e0 Meaux, \u00e0 l&rsquo;occasion de la JOURNEE DU PARDON de samedi 6 \u00e0 9 h jusqu&rsquo; au dimanche 7 \u00e0 1 h du matin.\n<\/div>\n<p><\/font><\/td>\n<td><font color=\"00CC00\"><\/p>\n<div align=\"center\"><img decoding=\"async\" src=\"\/IMG\/personnes\/jean-baptiste-de-la-salle.jpg\" width=200><br \/>\n<i>St Jean-Baptiste de la Salle<\/i><\/div>\n<p><\/font><\/td>\n<\/tr>\n<\/tbody>\n<\/table>\n<\/div>\n","protected":false},"excerpt":{"rendered":"<p>Voici les annonces de la semaine du lundi 1er au dimanche 7 avril 2019 pour la paroisse des 3 clochers Cr\u00e9cy-la-Chapelle, Villiers-sur-Morin, Voulangis. Dimanche 7 avril \u00e0\u00a0 9 h 45, messe \u00e0\u00a0 la Coll\u00e9giale.&#46;&#46;&#46;<\/p>\n","protected":false},"author":2,"featured_media":0,"comment_status":"open","ping_status":"open","sticky":false,"template":"","format":"standard","meta":{"footnotes":""},"categories":[],"tags":[],"class_list":["post-1206","post","type-post","status-publish","format-standard","hentry"],"_links":{"self":[{"href":"http:\/\/www.chapelle-crecy.com\/index.php?rest_route=\/wp\/v2\/posts\/1206","targetHints":{"allow":["GET"]}}],"collection":[{"href":"http:\/\/www.chapelle-crecy.com\/index.php?rest_route=\/wp\/v2\/posts"}],"about":[{"href":"http:\/\/www.chapelle-crecy.com\/index.php?rest_route=\/wp\/v2\/types\/post"}],"author":[{"embeddable":true,"href":"http:\/\/www.chapelle-crecy.com\/index.php?rest_route=\/wp\/v2\/users\/2"}],"replies":[{"embeddable":true,"href":"http:\/\/www.chapelle-crecy.com\/index.php?rest_route=%2Fwp%2Fv2%2Fcomments&post=1206"}],"version-history":[{"count":0,"href":"http:\/\/www.chapelle-crecy.com\/index.php?rest_route=\/wp\/v2\/posts\/1206\/revisions"}],"wp:attachment":[{"href":"http:\/\/www.chapelle-crecy.com\/index.php?rest_route=%2Fwp%2Fv2%2Fmedia&parent=1206"}],"wp:term":[{"taxonomy":"category","embeddable":true,"href":"http:\/\/www.chapelle-crecy.com\/index.php?rest_route=%2Fwp%2Fv2%2Fcategories&post=1206"},{"taxonomy":"post_tag","embeddable":true,"href":"http:\/\/www.chapelle-crecy.com\/index.php?rest_route=%2Fwp%2Fv2%2Ftags&post=1206"}],"curies":[{"name":"wp","href":"https:\/\/api.w.org\/{rel}","templated":true}]}}