{"id":1208,"date":"2019-04-13T17:30:43","date_gmt":"2019-04-13T17:30:43","guid":{"rendered":""},"modified":"-0001-11-30T00:00:00","modified_gmt":"-0001-11-29T22:00:00","slug":"","status":"publish","type":"post","link":"http:\/\/www.chapelle-crecy.com\/?p=1208","title":{"rendered":"Annonces du 15 au 21 avril 2019"},"content":{"rendered":"<div align=\"justify\">Voici les annonces de la semaine du lundi 15 au dimanche 21 avril 2019 pour la paroisse des 3 clochers Cr\u00e9cy-la-Chapelle, Villiers-sur-Morin, Voulangis. <\/p>\n<p>Samedi 20 avril \u00e0\u00a0 21h, vigile pascale \u00e0\u00a0 Cr\u00e9cy <br \/>\nDimanche 21 avril \u00e0\u00a0 9 h 45, messe de Paques \u00e0\u00a0 Villiers. <\/p>\n<p>Tous les d\u00e9tails dans la suite &#8230;<\/p><\/div>\n<div align=\"center\">\n<table bgcolor =\"F0F0F6\" border=0>\n<tbody>\n<td width=400><font color=\"0E0C40\"><\/p>\n<div align=\"center\">\n<b>Lundi 15 avril <\/b><br \/>\n17 h &#8211; C\u00e9l\u00e9bration \u00e0 la Maison de Retraite.<br \/>\n20 h 30 &#8211; R\u00e9union de l&rsquo;EAP au presbyt\u00e8re de Cr\u00e9cy .<\/p>\n<p>\n<b>Mardi 16 avril <\/b><br \/>\n18 h &#8211; Messe anniversaire  \u00e0 Cr\u00e9cy pour Philippe OUCHARD, et Raymond PONARD . Nous prions aussi pour Ren\u00e9e PASQUAUX.<\/p>\n<p><b>Mercredi 17 avril<\/b><br \/>\n<i>Mercredi Saint<\/i><br \/>\n20 h &#8211;  Messe Chrismale \u00e0 la cath\u00e9drale de MEAUX.\n<\/div>\n<p><\/font><\/td>\n<td><font color=\"0E0C40\"><\/p>\n<div align=\"center\"><img decoding=\"async\" src=\"\/IMG\/jpg\/jeudi_saint.jpg\" width=200><\/div>\n<p><\/font><\/td>\n<\/tr>\n<\/tbody>\n<\/table>\n<p> <\/p>\n<table bgcolor =\"FFF6F0\" border=0>\n<tbody>\n<tr>\n<td><font color=\"BB3300\"><\/p>\n<div align=\"center\"><img decoding=\"async\" src=\"\/IMG\/lieux\/sanjuan05.jpg\" width=200>\n<\/div>\n<p><\/font><\/td>\n<td width=400><font color=\"BB3300\"><\/p>\n<div align=\"center\">\n<b>Jeudi 18 avril<\/b><br \/>\n<i>Jeudi Saint<\/i><br \/>\n15 h 30 &#8211; Obs\u00e8ques de Bernard CLUIS \u00e0 Voulangis.<br \/>\n20 h &#8211;  C\u00e9l\u00e9bration de la Sainte C\u00e8ne \u00e0 Cr\u00e9cy.<\/p>\n<p><b>Vendredi 19 avril<\/b><br \/> <br \/>\n<i>Vendredi Saint<\/i><br \/>\n11 h &#8211; Chemin de Croix \u00e0 Voulangis.<br \/>\n15 h &#8211; Chemin de Croix \u00e0 Villiers.<br \/>\n17 h &#8211; Chemin de Croix \u00e0 Cr\u00e9cy.<br \/>\n20 h 30 &#8211; C\u00e9l\u00e9bration de la Passion du Seigneur \u00e0 Cr\u00e9cy.<br \/>QUETE POUR LES LIEUX SAINTS.\n<\/div>\n<p><\/font><\/td>\n<\/tr>\n<\/tbody>\n<\/table>\n<p><\/p>\n<table bgcolor =\"F0FFF6\" border=0>\n<tbody>\n<tr>\n<td width=400><font color=\"00CC00\"><\/p>\n<div align=\"center\">\n<b>Samedi 20 avril<\/b><br \/>\n<i>Samedi Saint<\/i><br \/>\n21 h &#8211;  Vigile Pascale \u00e0 Cr\u00e9cy.<br \/>\nBapt\u00eame de Mireille GOARANT, Emma BUSSY et Jean-Yves OUATTARA.<\/p>\n<p><b>Dimanche 21 avril<\/b> <br \/> <br \/>\n<i>Jour de PAQUES<\/i><br \/>\n 9 h 45 &#8211; Messe \u00e0 Villiers. Nous prierons pour Bernard CLUIS inhum\u00e9 cette semaine.\n<\/div>\n<p><\/font><\/td>\n<td><font color=\"00CC00\"><\/p>\n<div align=\"center\"><img decoding=\"async\" src=\"\/IMG\/lieux\/lemas4.jpg\" width=200><\/div>\n<p><\/font><\/td>\n<\/tr>\n<\/tbody>\n<\/table>\n<\/div>\n","protected":false},"excerpt":{"rendered":"<p>Voici les annonces de la semaine du lundi 15 au dimanche 21 avril 2019 pour la paroisse des 3 clochers Cr\u00e9cy-la-Chapelle, Villiers-sur-Morin, Voulangis. Samedi 20 avril \u00e0\u00a0 21h, vigile pascale \u00e0\u00a0 Cr\u00e9cy Dimanche 21&#46;&#46;&#46;<\/p>\n","protected":false},"author":2,"featured_media":0,"comment_status":"open","ping_status":"open","sticky":false,"template":"","format":"standard","meta":{"footnotes":""},"categories":[],"tags":[],"class_list":["post-1208","post","type-post","status-publish","format-standard","hentry"],"_links":{"self":[{"href":"http:\/\/www.chapelle-crecy.com\/index.php?rest_route=\/wp\/v2\/posts\/1208","targetHints":{"allow":["GET"]}}],"collection":[{"href":"http:\/\/www.chapelle-crecy.com\/index.php?rest_route=\/wp\/v2\/posts"}],"about":[{"href":"http:\/\/www.chapelle-crecy.com\/index.php?rest_route=\/wp\/v2\/types\/post"}],"author":[{"embeddable":true,"href":"http:\/\/www.chapelle-crecy.com\/index.php?rest_route=\/wp\/v2\/users\/2"}],"replies":[{"embeddable":true,"href":"http:\/\/www.chapelle-crecy.com\/index.php?rest_route=%2Fwp%2Fv2%2Fcomments&post=1208"}],"version-history":[{"count":0,"href":"http:\/\/www.chapelle-crecy.com\/index.php?rest_route=\/wp\/v2\/posts\/1208\/revisions"}],"wp:attachment":[{"href":"http:\/\/www.chapelle-crecy.com\/index.php?rest_route=%2Fwp%2Fv2%2Fmedia&parent=1208"}],"wp:term":[{"taxonomy":"category","embeddable":true,"href":"http:\/\/www.chapelle-crecy.com\/index.php?rest_route=%2Fwp%2Fv2%2Fcategories&post=1208"},{"taxonomy":"post_tag","embeddable":true,"href":"http:\/\/www.chapelle-crecy.com\/index.php?rest_route=%2Fwp%2Fv2%2Ftags&post=1208"}],"curies":[{"name":"wp","href":"https:\/\/api.w.org\/{rel}","templated":true}]}}