{"id":1213,"date":"2019-05-04T21:15:39","date_gmt":"2019-05-04T21:15:39","guid":{"rendered":""},"modified":"-0001-11-30T00:00:00","modified_gmt":"-0001-11-29T22:00:00","slug":"","status":"publish","type":"post","link":"http:\/\/www.chapelle-crecy.com\/?p=1213","title":{"rendered":"Annonces du 6 au 12 mai 2019"},"content":{"rendered":"<div align=\"justify\">Voici les annonces de la semaine du lundi 6 au dimanche 12 mai 2019 pour la paroisse des 3 clochers Cr\u00e9cy-la-Chapelle, Villiers-sur-Morin, Voulangis. <\/p>\n<p>Samedi 11 mai \u00e0\u00a0 18 h 30, messe \u00e0\u00a0 Voulangis. <br \/>\nDimanche 12 mai \u00e0\u00a0 9 h 45, messe \u00e0\u00a0 la coll\u00e9giale. <\/p>\n<p>Tous les d\u00e9tails dans la suite &#8230;<\/p><\/div>\n<div align=\"center\">\n<table bgcolor =\"F0F0F6\" border=0>\n<tbody>\n<td width=400><font color=\"0E0C40\"><\/p>\n<div align=\"center\">\n<b>Lundi 6 mai <\/b><br \/>\n14 h 30 &#8211; R\u00e9union de l&rsquo;Equipe du Rosaire chez Mme BACOUP.<br \/>\n17 h &#8211; C\u00e9l\u00e9bration \u00e0 la Maison de Retraite.<\/p>\n<p>\n<b>Mardi 7 mai <\/b><br \/>\n18 h &#8211; \u00e0 Cr\u00e9cy, C\u00e9l\u00e9bration avec communion.<\/p>\n<p><b>Mercredi 8 mai<\/b><br \/>\n11 h &#8211;  \u00e0 Cr\u00e9cy, MESSE DU SOUVENIR .\n<\/div>\n<p><\/font><\/td>\n<td><font color=\"0E0C40\"><\/p>\n<div align=\"center\"><img decoding=\"async\" src=\"\/IMG\/jpg\/drapeau.jpg\" width=200><\/div>\n<p><\/font><\/td>\n<\/tr>\n<\/tbody>\n<\/table>\n<p> <\/p>\n<table bgcolor =\"FFF6F0\" border=0>\n<tbody>\n<tr>\n<td><font color=\"BB3300\"><\/p>\n<div align=\"center\"><img decoding=\"async\" src=\"\/IMG\/personnes\/pacome.jpg\" width=200><br \/><i>Saint Pacome<\/i>\n<\/div>\n<p><\/font><\/td>\n<td width=400><font color=\"BB3300\"><\/p>\n<div align=\"center\">\n<b>Jeudi 9 mai<\/b><br \/>\n<i>Saint Pacome<\/i><br \/>\n18 h &#8211; \u00e0 Cr\u00e9cy C\u00e9l\u00e9bration avec communion.<\/p>\n<p><b>Vendredi 10 mai<\/b><br \/> <br \/>\n9 h &#8211; Messe \u00e0 Cr\u00e9cy pour Claude CASTANET.\n<\/div>\n<p><\/font><\/td>\n<\/tr>\n<\/tbody>\n<\/table>\n<p><\/p>\n<table bgcolor =\"F0FFF6\" border=0>\n<tbody>\n<tr>\n<td width=400><font color=\"00CC00\"><\/p>\n<div align=\"center\">\n<b>Samedi 11 mai<\/b><br \/>\n16 h &#8211;  A Voulangis, mariage d&rsquo;Eric PICCINATO et Christelle DEBRABANDER.<br \/>\n18 h 30 &#8211;  Messe \u00e0 Voulangis pour Pierrette DE PENA et Maryvonne MATHONNET.<\/p>\n<p><b>Dimanche 12 mai<\/b> <br \/> <br \/>\n<i>4\u00e8me dimanche de P\u00e2ques<\/i><br \/>\n<i>Saint Pancrace<\/i><br \/>\n 9 h 45 &#8211; Messe \u00e0 la coll\u00e9giale. <br \/>\nMesse en famille. Bapt\u00eame de Selena PONS.<br \/>\nCe samedi 11 et dimanche 12 mai : VENTE DE GATEAUX POUR PARTICIPER AU PELERINAGE A LISIEUX DES JEUNES DE LA CATECHESE et aussi QUETE SPECIALE POUR LES VOCATIONS.<\/div>\n<p><\/font><\/td>\n<td><font color=\"00CC00\"><\/p>\n<div align=\"center\"><img decoding=\"async\" src=\"\/IMG\/personnes\/pancrace.jpg\" width=200><br \/><i>Saint Pancrace<\/i><\/div>\n<p><\/font><\/td>\n<\/tr>\n<\/tbody>\n<\/table>\n<\/div>\n","protected":false},"excerpt":{"rendered":"<p>Voici les annonces de la semaine du lundi 6 au dimanche 12 mai 2019 pour la paroisse des 3 clochers Cr\u00e9cy-la-Chapelle, Villiers-sur-Morin, Voulangis. Samedi 11 mai \u00e0\u00a0 18 h 30, messe \u00e0\u00a0 Voulangis. Dimanche&#46;&#46;&#46;<\/p>\n","protected":false},"author":2,"featured_media":0,"comment_status":"open","ping_status":"open","sticky":false,"template":"","format":"standard","meta":{"footnotes":""},"categories":[],"tags":[],"class_list":["post-1213","post","type-post","status-publish","format-standard","hentry"],"_links":{"self":[{"href":"http:\/\/www.chapelle-crecy.com\/index.php?rest_route=\/wp\/v2\/posts\/1213","targetHints":{"allow":["GET"]}}],"collection":[{"href":"http:\/\/www.chapelle-crecy.com\/index.php?rest_route=\/wp\/v2\/posts"}],"about":[{"href":"http:\/\/www.chapelle-crecy.com\/index.php?rest_route=\/wp\/v2\/types\/post"}],"author":[{"embeddable":true,"href":"http:\/\/www.chapelle-crecy.com\/index.php?rest_route=\/wp\/v2\/users\/2"}],"replies":[{"embeddable":true,"href":"http:\/\/www.chapelle-crecy.com\/index.php?rest_route=%2Fwp%2Fv2%2Fcomments&post=1213"}],"version-history":[{"count":0,"href":"http:\/\/www.chapelle-crecy.com\/index.php?rest_route=\/wp\/v2\/posts\/1213\/revisions"}],"wp:attachment":[{"href":"http:\/\/www.chapelle-crecy.com\/index.php?rest_route=%2Fwp%2Fv2%2Fmedia&parent=1213"}],"wp:term":[{"taxonomy":"category","embeddable":true,"href":"http:\/\/www.chapelle-crecy.com\/index.php?rest_route=%2Fwp%2Fv2%2Fcategories&post=1213"},{"taxonomy":"post_tag","embeddable":true,"href":"http:\/\/www.chapelle-crecy.com\/index.php?rest_route=%2Fwp%2Fv2%2Ftags&post=1213"}],"curies":[{"name":"wp","href":"https:\/\/api.w.org\/{rel}","templated":true}]}}