{"id":1215,"date":"2019-05-18T21:19:35","date_gmt":"2019-05-18T21:19:35","guid":{"rendered":""},"modified":"-0001-11-30T00:00:00","modified_gmt":"-0001-11-29T22:00:00","slug":"","status":"publish","type":"post","link":"http:\/\/www.chapelle-crecy.com\/?p=1215","title":{"rendered":"Annonces du 20 au 26 mai 2019"},"content":{"rendered":"<div align=\"justify\">Voici les annonces de la semaine du lundi 20 au dimanche 26 mai 2019 pour la paroisse des 3 clochers Cr\u00e9cy-la-Chapelle, Villiers-sur-Morin, Voulangis. <\/p>\n<p>Samedi 25 mai \u00e0\u00a0 18 h 30, messe \u00e0\u00a0 Villiers. <br \/>\nDimanche 26 mai \u00e0\u00a0 9 h 45, messe \u00e0\u00a0 la coll\u00e9giale. <\/p>\n<p>Tous les d\u00e9tails dans la suite &#8230;<\/p><\/div>\n<div align=\"center\">\n<table bgcolor =\"F0F0F6\" border=0>\n<tbody>\n<td width=400><font color=\"0E0C40\"><\/p>\n<div align=\"center\">\n<b>Lundi 20 mai <\/b><br \/>\n17 h &#8211; Messe \u00e0 la Maison de Retraite.<\/p>\n<p>\n<b>Mardi 21 mai <\/b><br \/>\n<i>Sts Martyrs du Mexique<br \/>\nSaint Constantin<\/i><br \/>\n18 h &#8211; \u00e0 Cr\u00e9cy, Messe anniversaire pour Brigitte VALLEE.<\/p>\n<p><b>Mercredi 22 mai<\/b><br \/>\n<i>Sainte Rita<\/i><br \/>\n9 h &#8211; Messe \u00e0 Cr\u00e9cy.\n<\/div>\n<p><\/font><\/td>\n<td><font color=\"0E0C40\"><\/p>\n<div align=\"center\"><img decoding=\"async\" src=\"\/IMG\/personnes\/constantin.jpg\" width=200><br \/><i>St Constantin<\/i><\/div>\n<p><\/font><\/td>\n<\/tr>\n<\/tbody>\n<\/table>\n<p> <\/p>\n<table bgcolor =\"FFF6F0\" border=0>\n<tbody>\n<tr>\n<td><font color=\"BB3300\"><\/p>\n<div align=\"center\"><img decoding=\"async\" src=\"\/IMG\/personnes\/didier.jpg\" width=200><br \/><i>Saint Didier<\/i>\n<\/div>\n<p><\/font><\/td>\n<td width=400><font color=\"BB3300\"><\/p>\n<div align=\"center\">\n<b>Jeudi 23 mai<\/b><br \/>\n<i>Saint Didier<\/i><br \/>\nPas de Messe en Paroisse.<\/p>\n<p><b>Vendredi 24 mai<\/b><br \/> <br \/>\n9 h &#8211; \u00e0 Cr\u00e9cy, Messe anniversaire pour Patrick LANDRIN.\n<\/div>\n<p><\/font><\/td>\n<\/tr>\n<\/tbody>\n<\/table>\n<p><\/p>\n<table bgcolor =\"F0FFF6\" border=0>\n<tbody>\n<tr>\n<td width=400><font color=\"00CC00\"><\/p>\n<div align=\"center\">\n<b>Samedi 25 mai<\/b><br \/>\n18 h 30 &#8211; \u00e0 Voulangis Messe anniversaire pour Genevi\u00e8ve GAILLARD.<br \/>\nBapt\u00eame de Matteo GRAZIANO et Nathan ANSELME.<\/p>\n<p><b>Dimanche 26 mai<\/b> <br \/> <br \/>\n<i>6\u00e8me dimanche de P\u00e2ques<\/i><br \/>\n<i>Saint B\u00e9hrenger<\/i><br \/>\n 10 h 30 &#8211;  Messe  de Premi\u00e8re Communion \u00e0 la Coll\u00e9giale.<br \/>\nc\u00e9l\u00e9br\u00e9e pour R\u00e9gine MEUNIER et Flavien BOYER.<br \/>\nBapt\u00eame de Pierrick TEILLIER et Leslie BALTZER.\n<\/div>\n<p><\/font><\/td>\n<td><font color=\"00CC00\"><\/p>\n<div align=\"center\"><img decoding=\"async\" src=\"\/IMG\/personnes\/yves.jpg\" width=200><br \/><i>Saint B\u00e9hrenger<\/i><\/div>\n<p><\/font><\/td>\n<\/tr>\n<\/tbody>\n<\/table>\n<\/div>\n","protected":false},"excerpt":{"rendered":"<p>Voici les annonces de la semaine du lundi 20 au dimanche 26 mai 2019 pour la paroisse des 3 clochers Cr\u00e9cy-la-Chapelle, Villiers-sur-Morin, Voulangis. Samedi 25 mai \u00e0\u00a0 18 h 30, messe \u00e0\u00a0 Villiers. Dimanche&#46;&#46;&#46;<\/p>\n","protected":false},"author":2,"featured_media":0,"comment_status":"open","ping_status":"open","sticky":false,"template":"","format":"standard","meta":{"footnotes":""},"categories":[],"tags":[],"class_list":["post-1215","post","type-post","status-publish","format-standard","hentry"],"_links":{"self":[{"href":"http:\/\/www.chapelle-crecy.com\/index.php?rest_route=\/wp\/v2\/posts\/1215","targetHints":{"allow":["GET"]}}],"collection":[{"href":"http:\/\/www.chapelle-crecy.com\/index.php?rest_route=\/wp\/v2\/posts"}],"about":[{"href":"http:\/\/www.chapelle-crecy.com\/index.php?rest_route=\/wp\/v2\/types\/post"}],"author":[{"embeddable":true,"href":"http:\/\/www.chapelle-crecy.com\/index.php?rest_route=\/wp\/v2\/users\/2"}],"replies":[{"embeddable":true,"href":"http:\/\/www.chapelle-crecy.com\/index.php?rest_route=%2Fwp%2Fv2%2Fcomments&post=1215"}],"version-history":[{"count":0,"href":"http:\/\/www.chapelle-crecy.com\/index.php?rest_route=\/wp\/v2\/posts\/1215\/revisions"}],"wp:attachment":[{"href":"http:\/\/www.chapelle-crecy.com\/index.php?rest_route=%2Fwp%2Fv2%2Fmedia&parent=1215"}],"wp:term":[{"taxonomy":"category","embeddable":true,"href":"http:\/\/www.chapelle-crecy.com\/index.php?rest_route=%2Fwp%2Fv2%2Fcategories&post=1215"},{"taxonomy":"post_tag","embeddable":true,"href":"http:\/\/www.chapelle-crecy.com\/index.php?rest_route=%2Fwp%2Fv2%2Ftags&post=1215"}],"curies":[{"name":"wp","href":"https:\/\/api.w.org\/{rel}","templated":true}]}}