{"id":1219,"date":"2019-05-28T18:10:22","date_gmt":"2019-05-28T18:10:22","guid":{"rendered":""},"modified":"-0001-11-30T00:00:00","modified_gmt":"-0001-11-29T22:00:00","slug":"","status":"publish","type":"post","link":"http:\/\/www.chapelle-crecy.com\/?p=1219","title":{"rendered":"Le comit\u00e9 de jumelage de Cr\u00e9cy f\u00eate <br>les 800 ans de la Coll\u00e9giale"},"content":{"rendered":"<div align=\"center\"><a href=\"\/IMG\/jpg\/fumelage800ans.jpg\" target=\"blank\" ><img decoding=\"async\" src=\"\/IMG\/jpg\/fumelage800ans.jpg\" width=300 alt=\"Cliquez pour agrandir\" ><\/a><\/div>\n<div align=\"justify\">Dans le cadre des f\u00eates c\u00e9l\u00e9brant les 800 ans de la Coll\u00e9giale Notre Dame-de-l&rsquo;Assomption de Cr\u00e9cy-la-Chapelle, le comit\u00e9 de jumelage de Cr\u00e9cy-la-Chapelle vous invite :<br \/>\n &#8211; au concert donn\u00e9 par les chorales bavaroise et briarde, le 31 mai \u00e0 20h30 (entr\u00e9e libre) \u00e0 la coll\u00e9giale<br \/>\n &#8211; aux f\u00eates m\u00e9di\u00e9vales du jumelage qui se d\u00e9rouleront sur l&rsquo;esplanade de la coll\u00e9giale le samedi 1er juin \u00e0 partir de 10h30 (nombreuses activit\u00e9s gratuites pour tous les \u00e2ges, restauration &#8230;.)<br \/>\n &#8211; \u00e0 la messe franco-bavaroise-italienne du dimanche 2 juin \u00e0 10h \u00e0 la Coll\u00e9giale.<br \/>\n Venez nombreux, et si possible, costum\u00e9s !\n<\/div>\n","protected":false},"excerpt":{"rendered":"<p>Dans le cadre des f\u00eates c\u00e9l\u00e9brant les 800 ans de la Coll\u00e9giale Notre Dame-de-l&rsquo;Assomption de Cr\u00e9cy-la-Chapelle, le comit\u00e9 de jumelage de Cr\u00e9cy-la-Chapelle vous invite : &#8211; au concert donn\u00e9 par les chorales bavaroise et&#46;&#46;&#46;<\/p>\n","protected":false},"author":2,"featured_media":0,"comment_status":"open","ping_status":"open","sticky":false,"template":"","format":"standard","meta":{"footnotes":""},"categories":[],"tags":[],"class_list":["post-1219","post","type-post","status-publish","format-standard","hentry"],"_links":{"self":[{"href":"http:\/\/www.chapelle-crecy.com\/index.php?rest_route=\/wp\/v2\/posts\/1219","targetHints":{"allow":["GET"]}}],"collection":[{"href":"http:\/\/www.chapelle-crecy.com\/index.php?rest_route=\/wp\/v2\/posts"}],"about":[{"href":"http:\/\/www.chapelle-crecy.com\/index.php?rest_route=\/wp\/v2\/types\/post"}],"author":[{"embeddable":true,"href":"http:\/\/www.chapelle-crecy.com\/index.php?rest_route=\/wp\/v2\/users\/2"}],"replies":[{"embeddable":true,"href":"http:\/\/www.chapelle-crecy.com\/index.php?rest_route=%2Fwp%2Fv2%2Fcomments&post=1219"}],"version-history":[{"count":0,"href":"http:\/\/www.chapelle-crecy.com\/index.php?rest_route=\/wp\/v2\/posts\/1219\/revisions"}],"wp:attachment":[{"href":"http:\/\/www.chapelle-crecy.com\/index.php?rest_route=%2Fwp%2Fv2%2Fmedia&parent=1219"}],"wp:term":[{"taxonomy":"category","embeddable":true,"href":"http:\/\/www.chapelle-crecy.com\/index.php?rest_route=%2Fwp%2Fv2%2Fcategories&post=1219"},{"taxonomy":"post_tag","embeddable":true,"href":"http:\/\/www.chapelle-crecy.com\/index.php?rest_route=%2Fwp%2Fv2%2Ftags&post=1219"}],"curies":[{"name":"wp","href":"https:\/\/api.w.org\/{rel}","templated":true}]}}