{"id":122,"date":"2009-05-15T06:39:00","date_gmt":"2009-05-15T06:39:00","guid":{"rendered":""},"modified":"-0001-11-30T00:00:00","modified_gmt":"-0001-11-29T22:00:00","slug":"","status":"publish","type":"post","link":"http:\/\/www.chapelle-crecy.com\/?p=122","title":{"rendered":"Conf\u00e9rence sur la bio-ethique le 26 mai"},"content":{"rendered":"<table bgcolor =\"F0FAFF\" border=0>\n<tbody>\n<tr>\n<td>\n<div align=\"justify\">\n<div \"31\">Dans le cadre des Etats g\u00e9n\u00e9raux de la bio\u00e9thique, l&rsquo;Alliance pour les Droits de la Vie organise une Tourn\u00e9e Bio\u00e9thique du 11 au 27 mai 2009 dans 10 villes \u00e9tapes, en partenariat avec l&rsquo;Office chr\u00e9tien des personnes handicap\u00e9es, le Comit\u00e9 Protestant pour la Dignit\u00e9 Humaine et Convergence Soignants Soign\u00e9s.<\/div>\n<\/div>\n<\/td>\n<\/td>\n<\/tbody>\n<\/table>\n<table bgcolor =\"F0FAFF\" border=0>\n<tbody>\n<tr>\n<td>\n<div align=\"justify\"><b>Enfantement, handicap et citoyennet\u00e9 : nous sommes tous concern\u00e9s !<\/b><br \/>\n&#8211; Comment garder une vision positive de la grossesse, quand les examens pr\u00e9nataux provoquent de plus en plus d&rsquo;anxi\u00e9t\u00e9 ?<br \/>\n&#8211; Pourquoi l&rsquo;int\u00e9r\u00eat de l&rsquo;enfant est-il n\u00e9glig\u00e9 dans certaines techniques de procr\u00e9ation ?<br \/>\n&#8211; Les personnes ayant un handicap peuvent-elles durablement prendre place dans une soci\u00e9t\u00e9 o\u00f9 l&rsquo;on propose si souvent de les emp\u00eacher de na \u00eetre ?<br \/>\n&#8211; L&rsquo;utilisation des embryons humains pour la recherche est-elle compatible avec les droits de l&rsquo;homme ? <\/p>\n<h3>PARIS: mardi 26 mai 20h30 au Palais des Congr\u00e8s Porte Maillot<\/h3>\n<p><b>Les intervenants<\/b><br \/>\nDes grands t\u00e9moins de la vie prendront la parole. Parmi les intervenants \u00e0 l&rsquo;une ou l&rsquo;autre des 10 villes-\u00e9tapes de la Tourn\u00e9e Bio\u00e9thique : <br \/>\n&#8211; Xavier Mirabel, canc\u00e9rologue (Lille), pr\u00e9sident de l&rsquo; Alliance pour les Droits de la Vie<br \/>\n&#8211; Philippe de Lachapelle, directeur de l&rsquo;Office chr\u00e9tien des personnes handicap\u00e9es <br \/>\n&#8211; Daniel Rivaud, d\u00e9l\u00e9gu\u00e9 g\u00e9n\u00e9ral du Comit\u00e9 Protestant pour la Dignit\u00e9 Humaine <br \/>\n&#8211; Olivier Jonquet, professeur de m\u00e9decine (Montpellier), porte-parole de Convergence Soignants Soign\u00e9s <br \/>\n&#8211; Annie Alary, cadre de sant\u00e9 (Manche), vivant avec une myopathie <br \/>\n&#8211; Caroline Roux, secr\u00e9taire g\u00e9n\u00e9rale et coordinatrice de l&rsquo;\u00e9coute de l&rsquo;Alliance pour les Droits de la Vie <br \/>\n&#8211; Sophie Lutz, auteur de \u00e2\u20ac\u0153Philippine, la force d&rsquo;une vie fragile\u00e2\u20ac\u009d <br \/>\n&#8211; Tugdual Derville, d\u00e9l\u00e9gu\u00e9 g\u00e9n\u00e9ral de l&rsquo; Alliance pour les Droits de la Vie , fondateur d&rsquo;A Bras Ouverts <\/p>\n<p>Retrouvez le programme de la soir\u00e9e Bio\u00e9thique \u00e0 Paris sur <a href=\"http:\/\/www.adv.org\/\" target=\"_blank\"><b>www.adv.org<\/b><\/a><br \/>\nPour toute autre information : 06 29 75 39 41. <\/p>\n<p> Mobilisons-nous aujourd&rsquo;hui pour faire signer l&rsquo;Appel \u00ab Stop \u00e0 l&rsquo;euthanasie \u00bb !<\/p>\n<p> Notre Appel \u00ab STOP \u00e0 l&rsquo;euthanasie \u00bb qui a recueilli aujourd&rsquo;hui, 24 janvier 2011, 48 449 signatures doit d\u00e9passer les 50 000 !<\/p>\n<p> Nous annoncerons demain, mardi 25 janvier 2011 \u00e0 13h le d\u00e9compte des signatures aux S\u00e9nateurs et \u00e0 la presse.  <\/p>\n<p> C&rsquo;est le moment de faire signer ceux de vos contacts qui n&rsquo;en n&rsquo;ont pas encore pris connaissance ou n&rsquo;ont pas encore pris la mesure de l&rsquo;enjeu sur www.fautpaspousser.org<\/p>\n<p> L&rsquo;\u00e9quipe de l&rsquo;Alliance pour les Droits de la Vie<\/p>\n<p> PS : Il y a du nouveau sur le site de l&rsquo;Appel www.fautpaspousser.org\n<\/p><\/div>\n<\/td>\n<\/td>\n<\/tbody>\n<\/table>\n","protected":false},"excerpt":{"rendered":"<p>Dans le cadre des Etats g\u00e9n\u00e9raux de la bio\u00e9thique, l&rsquo;Alliance pour les Droits de la Vie organise une Tourn\u00e9e Bio\u00e9thique du 11 au 27 mai 2009 dans 10 villes \u00e9tapes, en partenariat avec l&rsquo;Office&#46;&#46;&#46;<\/p>\n","protected":false},"author":2,"featured_media":0,"comment_status":"open","ping_status":"open","sticky":false,"template":"","format":"standard","meta":{"footnotes":""},"categories":[],"tags":[],"class_list":["post-122","post","type-post","status-publish","format-standard","hentry"],"_links":{"self":[{"href":"http:\/\/www.chapelle-crecy.com\/index.php?rest_route=\/wp\/v2\/posts\/122","targetHints":{"allow":["GET"]}}],"collection":[{"href":"http:\/\/www.chapelle-crecy.com\/index.php?rest_route=\/wp\/v2\/posts"}],"about":[{"href":"http:\/\/www.chapelle-crecy.com\/index.php?rest_route=\/wp\/v2\/types\/post"}],"author":[{"embeddable":true,"href":"http:\/\/www.chapelle-crecy.com\/index.php?rest_route=\/wp\/v2\/users\/2"}],"replies":[{"embeddable":true,"href":"http:\/\/www.chapelle-crecy.com\/index.php?rest_route=%2Fwp%2Fv2%2Fcomments&post=122"}],"version-history":[{"count":0,"href":"http:\/\/www.chapelle-crecy.com\/index.php?rest_route=\/wp\/v2\/posts\/122\/revisions"}],"wp:attachment":[{"href":"http:\/\/www.chapelle-crecy.com\/index.php?rest_route=%2Fwp%2Fv2%2Fmedia&parent=122"}],"wp:term":[{"taxonomy":"category","embeddable":true,"href":"http:\/\/www.chapelle-crecy.com\/index.php?rest_route=%2Fwp%2Fv2%2Fcategories&post=122"},{"taxonomy":"post_tag","embeddable":true,"href":"http:\/\/www.chapelle-crecy.com\/index.php?rest_route=%2Fwp%2Fv2%2Ftags&post=122"}],"curies":[{"name":"wp","href":"https:\/\/api.w.org\/{rel}","templated":true}]}}