{"id":1220,"date":"2019-06-02T16:00:00","date_gmt":"2019-06-02T16:00:00","guid":{"rendered":""},"modified":"-0001-11-30T00:00:00","modified_gmt":"-0001-11-29T22:00:00","slug":"","status":"publish","type":"post","link":"http:\/\/www.chapelle-crecy.com\/?p=1220","title":{"rendered":"Annonces du 3 au 9 juin 2019"},"content":{"rendered":"<div align=\"justify\">Voici les annonces de la semaine du lundi 3 au dimanche 9 juin 2019 pour la paroisse des 3 clochers Cr\u00e9cy-la-Chapelle, Villiers-sur-Morin, Voulangis. <\/p>\n<p>Samedi 8 juin \u00e0\u00a0 18 h 30, messe \u00e0\u00a0 Voulangis. <br \/>\nDimanche 9 juin \u00e0\u00a0 9 h 45, messe \u00e0\u00a0 la coll\u00e9giale. <\/p>\n<p>Tous les d\u00e9tails dans la suite &#8230;<\/p><\/div>\n<div align=\"center\">\n<table bgcolor =\"F0F0F6\" border=0>\n<tbody>\n<td width=400><font color=\"0E0C40\"><\/p>\n<div align=\"center\">\n<b>Lundi 3 juin <\/b><br \/>\n14 h 30 &#8211; R\u00e9union de l&rsquo;\u00e9quipe du Rosaire chez Mme LOUIS.<br \/>\n17 h &#8211; Messe \u00e0 la Maison de Retraite.<\/p>\n<p>\n<b>Mardi 4 juin <\/b><br \/>\n<i>Sainte Clotilde<\/i><br \/>\n18 h &#8211; \u00e0 Cr\u00e9cy, Messe pour Gilbert VILLOZ.<\/p>\n<p><b>Mercredi 5 juin<\/b><br \/>\n9 h &#8211; Messe \u00e0 Cr\u00e9cy pour Genevi\u00e8ve MUSITELLI.<br \/>\n Obs\u00e8ques \u00e0 10 h 30 \u00e0 Cr\u00e9cy de Monique LAVILLAUROY\n<\/div>\n<p><\/font><\/td>\n<td><font color=\"0E0C40\"><\/p>\n<div align=\"center\"><img decoding=\"async\" src=\"\/IMG\/personnes\/clotilde.jpg\" width=200><br \/><i>Sainte Clotilde<\/i><\/div>\n<p><\/font><\/td>\n<\/tr>\n<\/tbody>\n<\/table>\n<p> <\/p>\n<table bgcolor =\"FFF6F0\" border=0>\n<tbody>\n<tr>\n<td><font color=\"BB3300\"><\/p>\n<div align=\"center\"><img decoding=\"async\" src=\"\/IMG\/personnes\/norbert.jpg\" width=200><i>Saint Norbert<\/i>\n<\/div>\n<p><\/font><\/td>\n<td width=400><font color=\"BB3300\"><\/p>\n<div align=\"center\">\n<b>Jeudi 6 juin<\/b><br \/>\n<i>Saint Norbert<\/i><br \/>\nPas de messe en paroisse.<\/p>\n<p><b>Vendredi 7 juin<\/b><br \/> <br \/>\n9 h &#8211; Messe \u00e0 Cr\u00e9cy.<br \/>\nde 9 h 30 \u00e0 10 h &#8211; Adoration du Saint Sacrement.\n<\/div>\n<p><\/font><\/td>\n<\/tr>\n<\/tbody>\n<\/table>\n<p><\/p>\n<table bgcolor =\"F0FFF6\" border=0>\n<tbody>\n<tr>\n<td width=400><font color=\"00CC00\"><\/p>\n<div align=\"center\">\n<b>Samedi 8 juin<\/b><br \/>\n<i>Saint M\u00e9dard<\/i><br \/>\n16 h &#8211; Mariage \u00e0 la Coll\u00e9giale de Thibaud GAUTHIER et Nina MAINDRON.<br \/>\n18 h 30 &#8211;   Messe anticip\u00e9e de la PENTECOTE  \u00e0 Voulangis<br \/>\nBapt\u00eame de Thomas LEGOIT et Axel SAUTON.<br \/>\nNous prierons pour Huguette ROUART et Fr\u00e9d\u00e9ric DUPONT, inhum\u00e9s la semaine derni\u00e8re, ainsi que pour Maryvonne MATHONNET.<\/p>\n<p><b>Dimanche 9 juin<\/b> <br \/> <br \/>\n9 h 45 &#8211; Messe du jour de la PENTECOLE \u00e0 la Coll\u00e9giale.<br \/>\nElle sera c\u00e9l\u00e9br\u00e9e pour Barnab\u00e9 SAGRO et Marianne MAMA.\n<\/div>\n<p><\/font><\/td>\n<td><font color=\"00CC00\"><\/p>\n<div align=\"center\"><img decoding=\"async\" src=\"\/IMG\/personnes\/medard.jpg\" width=200><br \/><i>Saint M\u00e9dard<\/i><\/div>\n<p><\/font><\/td>\n<\/tr>\n<\/tbody>\n<\/table>\n<\/div>\n","protected":false},"excerpt":{"rendered":"<p>Voici les annonces de la semaine du lundi 3 au dimanche 9 juin 2019 pour la paroisse des 3 clochers Cr\u00e9cy-la-Chapelle, Villiers-sur-Morin, Voulangis. Samedi 8 juin \u00e0\u00a0 18 h 30, messe \u00e0\u00a0 Voulangis. Dimanche&#46;&#46;&#46;<\/p>\n","protected":false},"author":2,"featured_media":0,"comment_status":"open","ping_status":"open","sticky":false,"template":"","format":"standard","meta":{"footnotes":""},"categories":[],"tags":[],"class_list":["post-1220","post","type-post","status-publish","format-standard","hentry"],"_links":{"self":[{"href":"http:\/\/www.chapelle-crecy.com\/index.php?rest_route=\/wp\/v2\/posts\/1220","targetHints":{"allow":["GET"]}}],"collection":[{"href":"http:\/\/www.chapelle-crecy.com\/index.php?rest_route=\/wp\/v2\/posts"}],"about":[{"href":"http:\/\/www.chapelle-crecy.com\/index.php?rest_route=\/wp\/v2\/types\/post"}],"author":[{"embeddable":true,"href":"http:\/\/www.chapelle-crecy.com\/index.php?rest_route=\/wp\/v2\/users\/2"}],"replies":[{"embeddable":true,"href":"http:\/\/www.chapelle-crecy.com\/index.php?rest_route=%2Fwp%2Fv2%2Fcomments&post=1220"}],"version-history":[{"count":0,"href":"http:\/\/www.chapelle-crecy.com\/index.php?rest_route=\/wp\/v2\/posts\/1220\/revisions"}],"wp:attachment":[{"href":"http:\/\/www.chapelle-crecy.com\/index.php?rest_route=%2Fwp%2Fv2%2Fmedia&parent=1220"}],"wp:term":[{"taxonomy":"category","embeddable":true,"href":"http:\/\/www.chapelle-crecy.com\/index.php?rest_route=%2Fwp%2Fv2%2Fcategories&post=1220"},{"taxonomy":"post_tag","embeddable":true,"href":"http:\/\/www.chapelle-crecy.com\/index.php?rest_route=%2Fwp%2Fv2%2Ftags&post=1220"}],"curies":[{"name":"wp","href":"https:\/\/api.w.org\/{rel}","templated":true}]}}