{"id":1221,"date":"2019-06-08T08:15:45","date_gmt":"2019-06-08T08:15:45","guid":{"rendered":""},"modified":"-0001-11-30T00:00:00","modified_gmt":"-0001-11-29T22:00:00","slug":"","status":"publish","type":"post","link":"http:\/\/www.chapelle-crecy.com\/?p=1221","title":{"rendered":"Annonces du 10 au 16 juin 2019"},"content":{"rendered":"<div align=\"justify\">Voici les annonces de la semaine du lundi 10 au dimanche 16 juin 2019 pour la paroisse des 3 clochers Cr\u00e9cy-la-Chapelle, Villiers-sur-Morin, Voulangis. <\/p>\n<p>Samedi 15 juin \u00e0\u00a0 18 h 30, messe \u00e0\u00a0 Voulangis. <br \/>\nDimanche 16 juin \u00e0\u00a0 10 h 00, messe de profession de foi \u00e0\u00a0 la coll\u00e9giale. <\/p>\n<p>Tous les d\u00e9tails dans la suite &#8230;<\/p><\/div>\n<div align=\"center\">\n<table bgcolor =\"F0F0F6\" border=0>\n<tbody>\n<td width=400><font color=\"0E0C40\"><\/p>\n<div align=\"center\">\n<b>Lundi 10 juin <\/b><br \/>\n<i>Saint Barnab\u00e9<\/i><br \/>\n17 h &#8211; Messe \u00e0 la Maison de Retraite.<\/p>\n<p>\n<b>Mardi 11 juin <\/b><br \/>\nPas de messe en paroisse.<\/p>\n<p><b>Mercredi 12 juin<\/b><br \/>\n9 h &#8211; Messe \u00e0 Cr\u00e9cy.\n<\/div>\n<p><\/font><\/td>\n<td><font color=\"0E0C40\"><\/p>\n<div align=\"center\"><img decoding=\"async\" src=\"\/IMG\/personnes\/barnabe.jpg\" width=200><br \/><i>Saint Barnab\u00e9<\/i><\/div>\n<p><\/font><\/td>\n<\/tr>\n<\/tbody>\n<\/table>\n<p> <\/p>\n<table bgcolor =\"FFF6F0\" border=0>\n<tbody>\n<tr>\n<td><font color=\"BB3300\"><\/p>\n<div align=\"center\"><img decoding=\"async\" src=\"\/IMG\/personnes\/antoine.jpg\" width=200><br \/><i>St Antoine de Padoue<\/i>\n<\/div>\n<p><\/font><\/td>\n<td width=400><font color=\"BB3300\"><\/p>\n<div align=\"center\">\n<b>Jeudi 13 juin<\/b><br \/>\n<i>St Antoine de Padoue<\/i><br \/>\n18 h &#8211;  Messe \u00e0 Cr\u00e9cy pour Jean ROSIER.<\/p>\n<p><b>Vendredi 14 juin<\/b><br \/> <br \/>\n9 h &#8211; Messe  \u00e0 Cr\u00e9cy, pour Simone et Jean BLAVIER.<br \/>\n20 h 30 &#8211; R\u00e9union EAP \u00e0 la salle paroissiale de Cr\u00e9cy.\n<\/div>\n<p><\/font><\/td>\n<\/tr>\n<\/tbody>\n<\/table>\n<p><\/p>\n<table bgcolor =\"F0FFF6\" border=0>\n<tbody>\n<tr>\n<td width=400><font color=\"00CC00\"><\/p>\n<div align=\"center\">\n<b>Samedi 15 juin<\/b><br \/>\n<i>Sainte Germaine<\/i><br \/>\n10 h &#8211; \u00e0 Cr\u00e9cy,  mariage de G\u00e9rard ROORYCK  et Claudine THOMAS.<br \/>\n14 h &#8211; \u00e0 Cr\u00e9cy,  mariage de Vincent AVE et Maud VAN ACKER.<br \/>\n16 h &#8211; \u00e0 Voulangis,  mariage de J\u00e9r\u00e9mie GAUTRON et Marine            ALLAVENE.<br \/>\n18 h 30 &#8211; Messe anticip\u00e9e de la Sainte TRINITE \u00e0 Villiers.<br \/>\n20 h &#8211; Veill\u00e9e de Profession de Foi \u00e0 Voulangis.<\/p>\n<p><b>Dimanche 16 juin<\/b> <br \/> <br \/>\nSAINTE TRINITE<br \/>\n10 h 30 &#8211; Messe de Profession de Foi \u00e0 la Coll\u00e9giale.\n<\/div>\n<p><\/font><\/td>\n<td><font color=\"00CC00\"><\/p>\n<div align=\"center\"><img decoding=\"async\" src=\"\/IMG\/personnes\/germaine.jpg\" width=200><br \/><i>Sainte Germaine<\/i><\/div>\n<p><\/font><\/td>\n<\/tr>\n<\/tbody>\n<\/table>\n<\/div>\n","protected":false},"excerpt":{"rendered":"<p>Voici les annonces de la semaine du lundi 10 au dimanche 16 juin 2019 pour la paroisse des 3 clochers Cr\u00e9cy-la-Chapelle, Villiers-sur-Morin, Voulangis. Samedi 15 juin \u00e0\u00a0 18 h 30, messe \u00e0\u00a0 Voulangis. Dimanche&#46;&#46;&#46;<\/p>\n","protected":false},"author":2,"featured_media":0,"comment_status":"open","ping_status":"open","sticky":false,"template":"","format":"standard","meta":{"footnotes":""},"categories":[],"tags":[],"class_list":["post-1221","post","type-post","status-publish","format-standard","hentry"],"_links":{"self":[{"href":"http:\/\/www.chapelle-crecy.com\/index.php?rest_route=\/wp\/v2\/posts\/1221","targetHints":{"allow":["GET"]}}],"collection":[{"href":"http:\/\/www.chapelle-crecy.com\/index.php?rest_route=\/wp\/v2\/posts"}],"about":[{"href":"http:\/\/www.chapelle-crecy.com\/index.php?rest_route=\/wp\/v2\/types\/post"}],"author":[{"embeddable":true,"href":"http:\/\/www.chapelle-crecy.com\/index.php?rest_route=\/wp\/v2\/users\/2"}],"replies":[{"embeddable":true,"href":"http:\/\/www.chapelle-crecy.com\/index.php?rest_route=%2Fwp%2Fv2%2Fcomments&post=1221"}],"version-history":[{"count":0,"href":"http:\/\/www.chapelle-crecy.com\/index.php?rest_route=\/wp\/v2\/posts\/1221\/revisions"}],"wp:attachment":[{"href":"http:\/\/www.chapelle-crecy.com\/index.php?rest_route=%2Fwp%2Fv2%2Fmedia&parent=1221"}],"wp:term":[{"taxonomy":"category","embeddable":true,"href":"http:\/\/www.chapelle-crecy.com\/index.php?rest_route=%2Fwp%2Fv2%2Fcategories&post=1221"},{"taxonomy":"post_tag","embeddable":true,"href":"http:\/\/www.chapelle-crecy.com\/index.php?rest_route=%2Fwp%2Fv2%2Ftags&post=1221"}],"curies":[{"name":"wp","href":"https:\/\/api.w.org\/{rel}","templated":true}]}}