{"id":1224,"date":"2019-06-21T22:44:03","date_gmt":"2019-06-21T22:44:03","guid":{"rendered":""},"modified":"-0001-11-30T00:00:00","modified_gmt":"-0001-11-29T22:00:00","slug":"","status":"publish","type":"post","link":"http:\/\/www.chapelle-crecy.com\/?p=1224","title":{"rendered":"Annonces du 24 au 30 juin 2019"},"content":{"rendered":"<div align=\"justify\">Voici les annonces de la semaine du lundi 24 au dimanche 30 juin 2019 pour la paroisse des 3 clochers Cr\u00e9cy-la-Chapelle, Villiers-sur-Morin, Voulangis. <\/p>\n<p>Samedi 29 juin \u00e0\u00a0 18 h 30, messe \u00e0\u00a0 Voulangis.<br \/>\nDimanche 30 juin \u00e0\u00a0 9 h 45, messe \u00e0\u00a0 la coll\u00e9giale. <\/p>\n<p>Tous les d\u00e9tails dans la suite &#8230;<\/p><\/div>\n<div align=\"center\">\n<table bgcolor =\"F0F0F6\" border=0>\n<tbody>\n<td width=400><font color=\"0E0C40\"><\/p>\n<div align=\"center\">\n<b>Lundi 24 juin <\/b><br \/>\n<i>Saint Jean Baptiste<\/i><br \/>\n17 h &#8211; Messe \u00e0 la Maison de Retraite.<\/p>\n<p><b>Mardi 25 juin <\/b><br \/>\n18 h &#8211; Messe \u00e0 Cr\u00e9cy pour Jacqueline FREMENT.<\/p>\n<p><b>Mercredi 26 juin<\/b><br \/>\n9 h &#8211; Messe \u00e0 Cr\u00e9cy.\n<\/div>\n<p><\/font><\/td>\n<td><font color=\"0E0C40\"><\/p>\n<div align=\"center\"><img decoding=\"async\" src=\"\/IMG\/personnes\/jean_baptiste.jpg\" width=200><br \/><i>Saint Jean Baptiste<\/i><\/div>\n<p><\/font><\/td>\n<\/tr>\n<\/tbody>\n<\/table>\n<p> <\/p>\n<table bgcolor =\"FFF6F0\" border=0>\n<tbody>\n<tr>\n<td><font color=\"BB3300\"><\/p>\n<div align=\"center\"><img decoding=\"async\" src=\"\/IMG\/personnes\/irenee.jpg\" width=200><br \/><i>St Ir\u00e9n\u00e9e<\/i>\n<\/div>\n<p><\/font><\/td>\n<td width=400><font color=\"BB3300\"><\/p>\n<div align=\"center\">\n<b>Jeudi 27 juin<\/b><br \/>\nPas de messe en paroisse.<\/p>\n<p><b>Vendredi 28 juin<\/b><br \/> <br \/>\n<i>St Ir\u00e9n\u00e9e<\/i><br \/>\n9 h &#8211; Messe \u00e0 Cr\u00e9cy pour Denise BEGUIN.\n<\/div>\n<p><\/font><\/td>\n<\/tr>\n<\/tbody>\n<\/table>\n<p><\/p>\n<table bgcolor =\"F0FFF6\" border=0>\n<tbody>\n<tr>\n<td width=400><font color=\"00CC00\"><\/p>\n<div align=\"center\">\n<b>Samedi 29 juin<\/b><br \/>\n18 h 30 &#8211; Messe \u00e0 Voulangis pour Jeanne et Claude PAVEAU.<br \/>        Bapt\u00eame de Wendy VAN CAMPEN.<\/p>\n<p><b>Dimanche 30 juin<\/b> <br \/> <br \/>\n<i>Saint Martial<\/i><br \/>\n9 h 45 &#8211; Messe \u00e0 la Coll\u00e9giale c\u00e9l\u00e9br\u00e9e pour Pierre BEAUMONT, Philippe CABARET et la famille RONDEL.<br \/>\nNous c\u00e9l\u00e9brerons aussi le  Bapt\u00eame de Tya LAHAYE, Ana\u00ebl MALVOISIN et Marco BLANCHET.\n<\/div>\n<p><\/font><\/td>\n<td><font color=\"00CC00\"><\/p>\n<div align=\"center\"><img decoding=\"async\" src=\"\/IMG\/personnes\/martial.jpg\" width=200><br \/><i>Saint Martial<\/i><\/div>\n<p><\/font><\/td>\n<\/tr>\n<\/tbody>\n<\/table>\n<\/div>\n","protected":false},"excerpt":{"rendered":"<p>Voici les annonces de la semaine du lundi 24 au dimanche 30 juin 2019 pour la paroisse des 3 clochers Cr\u00e9cy-la-Chapelle, Villiers-sur-Morin, Voulangis. Samedi 29 juin \u00e0\u00a0 18 h 30, messe \u00e0\u00a0 Voulangis. Dimanche&#46;&#46;&#46;<\/p>\n","protected":false},"author":2,"featured_media":0,"comment_status":"open","ping_status":"open","sticky":false,"template":"","format":"standard","meta":{"footnotes":""},"categories":[],"tags":[],"class_list":["post-1224","post","type-post","status-publish","format-standard","hentry"],"_links":{"self":[{"href":"http:\/\/www.chapelle-crecy.com\/index.php?rest_route=\/wp\/v2\/posts\/1224","targetHints":{"allow":["GET"]}}],"collection":[{"href":"http:\/\/www.chapelle-crecy.com\/index.php?rest_route=\/wp\/v2\/posts"}],"about":[{"href":"http:\/\/www.chapelle-crecy.com\/index.php?rest_route=\/wp\/v2\/types\/post"}],"author":[{"embeddable":true,"href":"http:\/\/www.chapelle-crecy.com\/index.php?rest_route=\/wp\/v2\/users\/2"}],"replies":[{"embeddable":true,"href":"http:\/\/www.chapelle-crecy.com\/index.php?rest_route=%2Fwp%2Fv2%2Fcomments&post=1224"}],"version-history":[{"count":0,"href":"http:\/\/www.chapelle-crecy.com\/index.php?rest_route=\/wp\/v2\/posts\/1224\/revisions"}],"wp:attachment":[{"href":"http:\/\/www.chapelle-crecy.com\/index.php?rest_route=%2Fwp%2Fv2%2Fmedia&parent=1224"}],"wp:term":[{"taxonomy":"category","embeddable":true,"href":"http:\/\/www.chapelle-crecy.com\/index.php?rest_route=%2Fwp%2Fv2%2Fcategories&post=1224"},{"taxonomy":"post_tag","embeddable":true,"href":"http:\/\/www.chapelle-crecy.com\/index.php?rest_route=%2Fwp%2Fv2%2Ftags&post=1224"}],"curies":[{"name":"wp","href":"https:\/\/api.w.org\/{rel}","templated":true}]}}