{"id":1228,"date":"2019-07-07T09:51:06","date_gmt":"2019-07-07T09:51:06","guid":{"rendered":""},"modified":"-0001-11-30T00:00:00","modified_gmt":"-0001-11-29T22:00:00","slug":"","status":"publish","type":"post","link":"http:\/\/www.chapelle-crecy.com\/?p=1228","title":{"rendered":"Annonces du 8 au 14 juillet 2019"},"content":{"rendered":"<div align=\"justify\">Voici les annonces de la semaine du lundi 8 au dimanche 14 juillet 2019 pour la paroisse des 3 clochers Cr\u00e9cy-la-Chapelle, Villiers-sur-Morin, Voulangis. <\/p>\n<p>Samedi 13 juillet \u00e0\u00a0 18 h 30, messe \u00e0\u00a0 Villiers.<br \/>\nDimanche 14 juillet \u00e0\u00a0 9 h 45, messe \u00e0\u00a0 la Cr\u00e9cy. <\/p>\n<p>Tous les d\u00e9tails dans la suite &#8230;<\/p><\/div>\n<div align=\"center\">\n<table bgcolor =\"F0F0F6\" border=0>\n<tbody>\n<td width=400><font color=\"0E0C40\"><\/p>\n<div align=\"center\">\n<b>Lundi 8 juillet <\/b><br \/>\n<i>Saint Edgar<\/i><br \/>\n17 h &#8211; Messe \u00e0 la Maison de Retraite.<\/p>\n<p><b>Mardi 9 juillet <\/b><br \/>\nPas de messe en paroisse.<\/p>\n<p><b>Mercredi 10 juillet<\/b><br \/>\n9 h &#8211; \u00e0 Cr\u00e9cy, messe anniversaire pour Elisabeth  BEGE.\n<\/div>\n<p><\/font><\/td>\n<td><font color=\"0E0C40\"><\/p>\n<div align=\"center\"><img decoding=\"async\" src=\"\/IMG\/personnes\/edgar.jpg\" width=200><br \/><i>Saint Edgar<\/i><\/div>\n<p><\/font><\/td>\n<\/tr>\n<\/tbody>\n<\/table>\n<p> <\/p>\n<table bgcolor =\"FFF6F0\" border=0>\n<tbody>\n<tr>\n<td><font color=\"BB3300\"><\/p>\n<div align=\"center\"><img decoding=\"async\" src=\"\/IMG\/personnes\/benoit.jpg\" width=200><br \/><i>St Benoit<\/i>\n<\/div>\n<p><\/font><\/td>\n<td width=400><font color=\"BB3300\"><\/p>\n<div align=\"center\">\n<b>Jeudi 11 juillet<\/b><br \/>\n<i>Saint Benoit<\/i><br \/>\n18 h &#8211; Messe \u00e0 Cr\u00e9cy.<\/p>\n<p><b>Vendredi 12 juillet<\/b><br \/> <br \/>\n9 h &#8211; Messe \u00e0 Cr\u00e9cy.\n<\/div>\n<p><\/font><\/td>\n<\/tr>\n<\/tbody>\n<\/table>\n<p><\/p>\n<table bgcolor =\"F0FFF6\" border=0>\n<tbody>\n<tr>\n<td width=400><font color=\"00CC00\"><\/p>\n<div align=\"center\">\n<b>Samedi13 juillet<\/b><br \/>\n<i>Saint Henri<\/i><br \/>\n18 h 30 &#8211; \u00e0 Voulangis, messe pour Jean ROSIER.<\/p>\n<p><b>Dimanche 14 juillet<\/b> <br \/> <br \/>\n9 h 45 &#8211; Messe \u00e0 Cr\u00e9cy. Nous prions pour Jacqueline DEPREZ  inhum\u00e9e r\u00e9cemment.\n<\/div>\n<p><\/font><\/td>\n<td><font color=\"00CC00\"><\/p>\n<div align=\"center\"><img decoding=\"async\" src=\"\/IMG\/personnes\/henri.jpg\" width=200><br \/><i>Saint Henrii<\/i><\/div>\n<p><\/font><\/td>\n<\/tr>\n<\/tbody>\n<\/table>\n<\/div>\n","protected":false},"excerpt":{"rendered":"<p>Voici les annonces de la semaine du lundi 8 au dimanche 14 juillet 2019 pour la paroisse des 3 clochers Cr\u00e9cy-la-Chapelle, Villiers-sur-Morin, Voulangis. Samedi 13 juillet \u00e0\u00a0 18 h 30, messe \u00e0\u00a0 Villiers. Dimanche&#46;&#46;&#46;<\/p>\n","protected":false},"author":2,"featured_media":0,"comment_status":"open","ping_status":"open","sticky":false,"template":"","format":"standard","meta":{"footnotes":""},"categories":[],"tags":[],"class_list":["post-1228","post","type-post","status-publish","format-standard","hentry"],"_links":{"self":[{"href":"http:\/\/www.chapelle-crecy.com\/index.php?rest_route=\/wp\/v2\/posts\/1228","targetHints":{"allow":["GET"]}}],"collection":[{"href":"http:\/\/www.chapelle-crecy.com\/index.php?rest_route=\/wp\/v2\/posts"}],"about":[{"href":"http:\/\/www.chapelle-crecy.com\/index.php?rest_route=\/wp\/v2\/types\/post"}],"author":[{"embeddable":true,"href":"http:\/\/www.chapelle-crecy.com\/index.php?rest_route=\/wp\/v2\/users\/2"}],"replies":[{"embeddable":true,"href":"http:\/\/www.chapelle-crecy.com\/index.php?rest_route=%2Fwp%2Fv2%2Fcomments&post=1228"}],"version-history":[{"count":0,"href":"http:\/\/www.chapelle-crecy.com\/index.php?rest_route=\/wp\/v2\/posts\/1228\/revisions"}],"wp:attachment":[{"href":"http:\/\/www.chapelle-crecy.com\/index.php?rest_route=%2Fwp%2Fv2%2Fmedia&parent=1228"}],"wp:term":[{"taxonomy":"category","embeddable":true,"href":"http:\/\/www.chapelle-crecy.com\/index.php?rest_route=%2Fwp%2Fv2%2Fcategories&post=1228"},{"taxonomy":"post_tag","embeddable":true,"href":"http:\/\/www.chapelle-crecy.com\/index.php?rest_route=%2Fwp%2Fv2%2Ftags&post=1228"}],"curies":[{"name":"wp","href":"https:\/\/api.w.org\/{rel}","templated":true}]}}