{"id":123,"date":"2009-05-13T14:36:47","date_gmt":"2009-05-13T14:36:47","guid":{"rendered":""},"modified":"-0001-11-30T00:00:00","modified_gmt":"-0001-11-29T22:00:00","slug":"","status":"publish","type":"post","link":"http:\/\/www.chapelle-crecy.com\/?p=123","title":{"rendered":"Une main a tir\u00e9 une autre a guid\u00e9 la balle"},"content":{"rendered":"<table bgcolor =\"F0FAFF\" border=0>\n<tbody>\n<tr>\n<td>\n<div align=\"justify\">\n<div \"32\">Le 13 mai, le Saint-P\u00e8re avait d\u00e9jeun\u00e9 avec le Professeur Lejeune, son \u00e9pouse et un autre invit\u00e9, puis il se rendit place Saint Pierre pour l&rsquo;audience g\u00e9n\u00e9rale, dans la plus grande tranquillit\u00e9. Alors qu&rsquo;il faisait le tour de la place et approchait de la porte de bronze, le Turc Mehmet Ali Ag\u00e7a a tir\u00e9 sur lui, le blessant au ventre, au coude droit et \u00e0\u00a0 l&rsquo;index de la main gauche &#8230;<\/div>\n<\/div>\n<\/td>\n<\/tr>\n<\/tbody>\n<\/table>\n<table bgcolor =\"F0FAFF\" border=0>\n<tbody>\n<tr>\n<td>\n<div align=\"justify\">Une balle a touch\u00e9 l&rsquo;index avant de traverser l&rsquo;abdomen. J&rsquo;\u00e9tais assis comme d&rsquo;habitude derri\u00e8re le Saint-P\u00e8re, et la balle, malgr\u00e9 sa force, est tomb\u00e9e entre nous, dans l&rsquo;auto, \u00e0 mes pieds. L&rsquo;autre blessait le coude droit, br\u00fblait la peau et allait blesser d&rsquo;autres personnes. Qu&rsquo;ai-je pens\u00e9? Personne ne croyait qu&rsquo;une telle chose f\u00fbt possible, et, boulevers\u00e9, je n&rsquo;ai pas compris tout de suite.<\/div>\n<p> <\/p>\n<div align=\"justify\">Le bruit avait \u00e9t\u00e9 assourdissant. Tous les pigeons se sont envol\u00e9s. Quelqu&rsquo;un avait tir\u00e9. Mais qui ? Et j&rsquo;ai vu que le Saint-P\u00e8re \u00e9tait touch\u00e9. Il vacillait mais on ne voyait sur lui ni sang ni blessure. Alors j&rsquo;ai demand\u00e9: \u00ab\u00a0O\u00f9 ?\u00a0\u00bb Il m&rsquo;a r\u00e9pondu: \u00ab\u00a0Au ventre.\u00a0\u00bb J&rsquo;ai encore demand\u00e9: \u00ab\u00a0Est-ce douloureux ?\u00a0\u00bb Il a r\u00e9pondu: \u00ab\u00a0Oui\u00a0\u00bb. Le Saint-P\u00e8re \u00e9tait \u00e0 demi assis, pench\u00e9 sur moi dans l&rsquo;auto, et c&rsquo;est ainsi que nous avons rejoint une ambulance. Le Saint-P\u00e8re ne nous regardait pas. Les yeux ferm\u00e9s, il souffrait beaucoup et r\u00e9p\u00e9tait de courtes pri\u00e8res. Si je me souviens bien, c&rsquo;\u00e9tait surtout: \u00ab\u00a0Marie, ma m\u00e8re! Marie, ma m\u00e8re !\u00a0\u00bb.<\/div>\n<p> <\/p>\n<div align=\"justify\">Le Dr Buzzonetti, un infirmier, fr\u00e8re Camille, \u00e9taient avec moi dans l&rsquo;ambulance. Elle roulait tr\u00e8s vite, sans aucun accompagnement de police. Sa sir\u00e8ne s&rsquo;\u00e9tait d\u00e9traqu\u00e9e apr\u00e8s quelques centaines de m\u00e8tres. Le trajet qui en temps ordinaire demande au moins une demi-heure a pris huit minutes, et dans la circulation romaine ! Plus tard, le Saint-P\u00e8re m&rsquo;a dit qu&rsquo;il \u00e9tat rest\u00e9 conscient jusqu&rsquo;\u00e0 l&rsquo;h\u00f4pital, que l\u00e0 seulement, il avait perdu connaissance, et qu&rsquo;il avait \u00e9t\u00e9 tout le temps convaincu que ses blessures n&rsquo;\u00e9taient pas mortelles. <\/p>\n<p>D&rsquo;apr\u00e8s le t\u00e9moignage de Mgr Stanislas Dziwisz,<br \/>\nrapport\u00e9 par Andr\u00e9 Frossard \u00ab\u00a0N&rsquo;ayez pas peur. Dialogue avec Jean-Paul II\u00a0\u00bb <br \/>\n(Robert Laffont, Paris, 1982) &#8211; p.333 \u00e0 345.\n<\/div>\n<\/td>\n<\/tr>\n<\/tbody>\n<\/table>\n","protected":false},"excerpt":{"rendered":"<p>Le 13 mai, le Saint-P\u00e8re avait d\u00e9jeun\u00e9 avec le Professeur Lejeune, son \u00e9pouse et un autre invit\u00e9, puis il se rendit place Saint Pierre pour l&rsquo;audience g\u00e9n\u00e9rale, dans la plus grande tranquillit\u00e9. Alors qu&rsquo;il&#46;&#46;&#46;<\/p>\n","protected":false},"author":2,"featured_media":0,"comment_status":"open","ping_status":"open","sticky":false,"template":"","format":"standard","meta":{"footnotes":""},"categories":[],"tags":[],"class_list":["post-123","post","type-post","status-publish","format-standard","hentry"],"_links":{"self":[{"href":"http:\/\/www.chapelle-crecy.com\/index.php?rest_route=\/wp\/v2\/posts\/123","targetHints":{"allow":["GET"]}}],"collection":[{"href":"http:\/\/www.chapelle-crecy.com\/index.php?rest_route=\/wp\/v2\/posts"}],"about":[{"href":"http:\/\/www.chapelle-crecy.com\/index.php?rest_route=\/wp\/v2\/types\/post"}],"author":[{"embeddable":true,"href":"http:\/\/www.chapelle-crecy.com\/index.php?rest_route=\/wp\/v2\/users\/2"}],"replies":[{"embeddable":true,"href":"http:\/\/www.chapelle-crecy.com\/index.php?rest_route=%2Fwp%2Fv2%2Fcomments&post=123"}],"version-history":[{"count":0,"href":"http:\/\/www.chapelle-crecy.com\/index.php?rest_route=\/wp\/v2\/posts\/123\/revisions"}],"wp:attachment":[{"href":"http:\/\/www.chapelle-crecy.com\/index.php?rest_route=%2Fwp%2Fv2%2Fmedia&parent=123"}],"wp:term":[{"taxonomy":"category","embeddable":true,"href":"http:\/\/www.chapelle-crecy.com\/index.php?rest_route=%2Fwp%2Fv2%2Fcategories&post=123"},{"taxonomy":"post_tag","embeddable":true,"href":"http:\/\/www.chapelle-crecy.com\/index.php?rest_route=%2Fwp%2Fv2%2Ftags&post=123"}],"curies":[{"name":"wp","href":"https:\/\/api.w.org\/{rel}","templated":true}]}}