{"id":1234,"date":"2019-08-30T16:58:51","date_gmt":"2019-08-30T16:58:51","guid":{"rendered":""},"modified":"-0001-11-30T00:00:00","modified_gmt":"-0001-11-29T22:00:00","slug":"","status":"publish","type":"post","link":"http:\/\/www.chapelle-crecy.com\/?p=1234","title":{"rendered":"Annonces du 2 au 8 septembre 2019"},"content":{"rendered":"<div align=\"justify\">Voici les annonces de la semaine du lundi 2 au dimanche 8 septembre 2019 pour la paroisse des 3 clochers Cr\u00e9cy-la-Chapelle, Villiers-sur-Morin, Voulangis. <\/p>\n<p>Samedi 7 septembre \u00e0\u00a0 18 h 30, messe \u00e0\u00a0 Villiers. <br \/> <br \/>\nDimanche 8 septembre \u00e0\u00a0 9 h 45, messe \u00e0\u00a0 la coll\u00e9giale. <\/p>\n<p>Tous les d\u00e9tails dans la suite &#8230;<\/p><\/div>\n<div align=\"center\">\n<table bgcolor =\"F0FFF6\" border=0>\n<tbody>\n<tr>\n<td width=400><font color=\"00CC00\"><\/p>\n<div align=\"center\">\n<b>Lundi 2 septembre<\/b><br \/>\n14 h 30 &#8211; R\u00e9union de l&rsquo;Equipe du Rosaire chez Mme LOUIS.<br \/>\n17 h &#8211; Messe \u00e0 la Maison de Retraite.<\/p>\n<p><b>Mardi 3 septembre<\/b><br \/>\n18 h &#8211; Messe \u00e0 Cr\u00e9cy.<\/p>\n<p><b>Mercredi 4 septembre<\/b><br \/>\n<i>Saint Boniface<\/i><br \/>\n9 h &#8211; Messe \u00e0 Cr\u00e9cy.<br \/>\n10 h 30 &#8211; \u00e0 Voulangis, obs\u00e8ques de G\u00e9rard DUBOIS.\n<\/div>\n<p><\/font><\/td>\n<td><font color=\"00CC00\"><\/p>\n<div align=\"center\"><img decoding=\"async\" src=\"\/IMG\/personnes\/boniface.jpg\" width=200><br \/><i>Saint Boniface<\/i><\/div>\n<p><\/font><\/td>\n<\/tr>\n<\/tbody>\n<\/table>\n<p><\/p>\n<table bgcolor =\"F0F0F6\" border=0>\n<tbody>\n<td><font color=\"0E0C40\"><\/p>\n<div align=\"center\"><img decoding=\"async\" src=\"\/IMG\/personnes\/regine.jpg\" width=200><br \/><i>Sainte R\u00e9gine<\/i><\/div>\n<p><\/font><\/td>\n<td width=400><font color=\"0E0C40\"><\/p>\n<div align=\"center\">\n<p><b>Jeudi 5 septembre<\/b><br \/>\n18 h &#8211; Messe \u00e0 Cr\u00e9cy.<\/p>\n<p><b>Vendredi 6 septembre<\/b><br \/>\n9 h &#8211; Messe \u00e0 Cr\u00e9cy.<br \/>\nde 9 h 30 \u00e0 10 h &#8211;  Adoration du St Sacrement.<\/p>\n<p><b>Samedi 7 septembre<\/b><br \/>\n<i>Sainte R\u00e9gine<\/i><br \/>\n18 h 30-  Messe \u00e0 Villiers<br \/>\nBapt\u00eame de  No\u00e9mie SUSCOSSE et Amandine HAURY.<\/p>\n<p><b>Dimanche 8 septembre<\/b><br \/>\n9 h 45 &#8211; Messe \u00e0 la Coll\u00e9giale. <br \/>\nBapt\u00eame de Sol\u00e8ne LEFEVRE et Lana BARBOSA.\n<\/div>\n<p><\/font><\/td>\n<\/tr>\n<\/tbody>\n<\/table>\n<p> \n<\/div>\n","protected":false},"excerpt":{"rendered":"<p>Voici les annonces de la semaine du lundi 2 au dimanche 8 septembre 2019 pour la paroisse des 3 clochers Cr\u00e9cy-la-Chapelle, Villiers-sur-Morin, Voulangis. Samedi 7 septembre \u00e0\u00a0 18 h 30, messe \u00e0\u00a0 Villiers. Dimanche&#46;&#46;&#46;<\/p>\n","protected":false},"author":2,"featured_media":0,"comment_status":"open","ping_status":"open","sticky":false,"template":"","format":"standard","meta":{"footnotes":""},"categories":[],"tags":[],"class_list":["post-1234","post","type-post","status-publish","format-standard","hentry"],"_links":{"self":[{"href":"http:\/\/www.chapelle-crecy.com\/index.php?rest_route=\/wp\/v2\/posts\/1234","targetHints":{"allow":["GET"]}}],"collection":[{"href":"http:\/\/www.chapelle-crecy.com\/index.php?rest_route=\/wp\/v2\/posts"}],"about":[{"href":"http:\/\/www.chapelle-crecy.com\/index.php?rest_route=\/wp\/v2\/types\/post"}],"author":[{"embeddable":true,"href":"http:\/\/www.chapelle-crecy.com\/index.php?rest_route=\/wp\/v2\/users\/2"}],"replies":[{"embeddable":true,"href":"http:\/\/www.chapelle-crecy.com\/index.php?rest_route=%2Fwp%2Fv2%2Fcomments&post=1234"}],"version-history":[{"count":0,"href":"http:\/\/www.chapelle-crecy.com\/index.php?rest_route=\/wp\/v2\/posts\/1234\/revisions"}],"wp:attachment":[{"href":"http:\/\/www.chapelle-crecy.com\/index.php?rest_route=%2Fwp%2Fv2%2Fmedia&parent=1234"}],"wp:term":[{"taxonomy":"category","embeddable":true,"href":"http:\/\/www.chapelle-crecy.com\/index.php?rest_route=%2Fwp%2Fv2%2Fcategories&post=1234"},{"taxonomy":"post_tag","embeddable":true,"href":"http:\/\/www.chapelle-crecy.com\/index.php?rest_route=%2Fwp%2Fv2%2Ftags&post=1234"}],"curies":[{"name":"wp","href":"https:\/\/api.w.org\/{rel}","templated":true}]}}