{"id":1235,"date":"2019-09-06T22:19:48","date_gmt":"2019-09-06T22:19:48","guid":{"rendered":""},"modified":"-0001-11-30T00:00:00","modified_gmt":"-0001-11-29T22:00:00","slug":"","status":"publish","type":"post","link":"http:\/\/www.chapelle-crecy.com\/?p=1235","title":{"rendered":"Annonces du 9 au 15 septembre 2019"},"content":{"rendered":"<div align=\"justify\">Voici les annonces de la semaine du lundi 9 au dimanche 15 septembre 2019 pour la paroisse des 3 clochers Cr\u00e9cy-la-Chapelle, Villiers-sur-Morin, Voulangis. <\/p>\n<p>Samedi 14 septembre \u00e0\u00a0 18 h 30, messe \u00e0\u00a0 Voulangis. <br \/> <br \/>\nDimanche 15 septembre \u00e0\u00a0 9 h 45, messe \u00e0\u00a0 la coll\u00e9giale. <\/p>\n<p>Tous les d\u00e9tails dans la suite &#8230;<\/p><\/div>\n<div align=\"center\">\n<table bgcolor =\"F0FFF6\" border=0>\n<tbody>\n<tr>\n<td width=400><font color=\"00CC00\"><\/p>\n<div align=\"center\">\n<b>Lundi 9 septembre<\/b><br \/>\n<i>Bienheureux Fr\u00e9d\u00e9ric Ozanam<\/i><br \/>\n10 h 30  &#8211; Obs\u00e8ques de Jean-Pierre CHILLY \u00e0 la Coll\u00e9giale.<br \/>\n17 h &#8211; C\u00e9l\u00e9bration \u00e0 la Maison de Retraite.<\/p>\n<p><b>Mardi 10 septembre<\/b><br \/>\n18 h &#8211; Messe \u00e0 Cr\u00e9cy pour Genevi\u00e8ve MAGNIER.<\/p>\n<p><b>Mercredi 11 septembre<\/b><br \/>\n9 h &#8211; \u00e0 Cr\u00e9cy Messe anniversaire pour Jean-Marc LUCAS.\n<\/div>\n<p><\/font><\/td>\n<td><font color=\"00CC00\"><\/p>\n<div align=\"center\"><img decoding=\"async\" src=\"\/IMG\/personnes\/frederic_ozanam.jpg\" width=200><br \/><i>Bienheureux Fr\u00e9d\u00e9ric Ozanam<\/i><\/div>\n<p><\/font><\/td>\n<\/tr>\n<\/tbody>\n<\/table>\n<p><\/p>\n<table bgcolor =\"F0F0F6\" border=0>\n<tbody>\n<td><font color=\"0E0C40\"><\/p>\n<div align=\"center\"><img decoding=\"async\" src=\"\/IMG\/personnes\/jean_chrysostome.jpg\" width=200><br \/><i>St Jean Chrysostome<\/i><\/div>\n<p><\/font><\/td>\n<td width=400><font color=\"0E0C40\"><\/p>\n<div align=\"center\">\n<p><b>Jeudi 12 septembre<\/b><br \/>\nPas de Messe en paroisse.<\/p>\n<p><b>Vendredi 13 septembre<\/b><br \/>\n<i>St Jean Chrysostome<\/i><br \/>\n9 h &#8211; Messe \u00e0 Cr\u00e9cy.<\/p>\n<p><b>Samedi 14 septembre<\/b><br \/>\n18 h 30-  Messe \u00e0 Voulangis.<\/p>\n<p>\n<b>Dimanche 15 septembre<\/b><br \/>\n9 h 45 &#8211; \u00e0 la Coll\u00e9giale, Messe en famille, avec \u00ab\u00a0b\u00e9n\u00e9diction des cartables\u00a0\u00bb.<br \/>\nC&rsquo;est \u00e9galement la Messe d&rsquo;anniversaire de mariage pour Thierry et Christine CHATELAIN.<br \/>\nNous prions \u00e9galement pour Genevi\u00e8ve MAGNIER et le petit Victor (5 ans) d\u00e9c\u00e9d\u00e9s r\u00e9cemment ainsi que pour Jean-Pierre CHILLY, qui a \u00e9t\u00e9 inhum\u00e9 ce  lundi.\n<\/div>\n<p><\/font><\/td>\n<\/tr>\n<\/tbody>\n<\/table>\n<p> \n<\/div>\n","protected":false},"excerpt":{"rendered":"<p>Voici les annonces de la semaine du lundi 9 au dimanche 15 septembre 2019 pour la paroisse des 3 clochers Cr\u00e9cy-la-Chapelle, Villiers-sur-Morin, Voulangis. Samedi 14 septembre \u00e0\u00a0 18 h 30, messe \u00e0\u00a0 Voulangis. Dimanche&#46;&#46;&#46;<\/p>\n","protected":false},"author":2,"featured_media":0,"comment_status":"open","ping_status":"open","sticky":false,"template":"","format":"standard","meta":{"footnotes":""},"categories":[],"tags":[],"class_list":["post-1235","post","type-post","status-publish","format-standard","hentry"],"_links":{"self":[{"href":"http:\/\/www.chapelle-crecy.com\/index.php?rest_route=\/wp\/v2\/posts\/1235","targetHints":{"allow":["GET"]}}],"collection":[{"href":"http:\/\/www.chapelle-crecy.com\/index.php?rest_route=\/wp\/v2\/posts"}],"about":[{"href":"http:\/\/www.chapelle-crecy.com\/index.php?rest_route=\/wp\/v2\/types\/post"}],"author":[{"embeddable":true,"href":"http:\/\/www.chapelle-crecy.com\/index.php?rest_route=\/wp\/v2\/users\/2"}],"replies":[{"embeddable":true,"href":"http:\/\/www.chapelle-crecy.com\/index.php?rest_route=%2Fwp%2Fv2%2Fcomments&post=1235"}],"version-history":[{"count":0,"href":"http:\/\/www.chapelle-crecy.com\/index.php?rest_route=\/wp\/v2\/posts\/1235\/revisions"}],"wp:attachment":[{"href":"http:\/\/www.chapelle-crecy.com\/index.php?rest_route=%2Fwp%2Fv2%2Fmedia&parent=1235"}],"wp:term":[{"taxonomy":"category","embeddable":true,"href":"http:\/\/www.chapelle-crecy.com\/index.php?rest_route=%2Fwp%2Fv2%2Fcategories&post=1235"},{"taxonomy":"post_tag","embeddable":true,"href":"http:\/\/www.chapelle-crecy.com\/index.php?rest_route=%2Fwp%2Fv2%2Ftags&post=1235"}],"curies":[{"name":"wp","href":"https:\/\/api.w.org\/{rel}","templated":true}]}}