{"id":124,"date":"2009-05-16T14:40:27","date_gmt":"2009-05-16T14:40:27","guid":{"rendered":""},"modified":"-0001-11-30T00:00:00","modified_gmt":"-0001-11-29T22:00:00","slug":"","status":"publish","type":"post","link":"http:\/\/www.chapelle-crecy.com\/?p=124","title":{"rendered":"Annonces de la semaine du 18 mai au 24 mai 2009"},"content":{"rendered":"<table bgcolor =\"F0FAFF\" border=0>\n<tbody>\n<tr>\n<td>\n<div align=\"justify\">\n<div \"33\">Voici les annonces de la semaine du lundi 18 au dimanche 24 mai 2009  pour la paroisse des 3 clochers Cr\u00e9cy-la-Chapelle, Villiers-sur-Morin, Voulangis.<\/p>\n<\/div>\n<\/td>\n<\/tr>\n<\/tbody>\n<\/table>\n<table bgcolor =\"F0FAFF\" border=0>\n<tbody>\n<tr>\n<td>\n<div align=\"center\">\n<table bgcolor =\"F0FAFF\" border=1>\n<tbody>\n<tr>\n<td width=120><font color=\"0020FF\">Lundi 18 mai<\/font><\/td>\n<td ><font color=\"0020FF\">9h -Messe \u00e0 Cr\u00e9cy pour Yvonne LIEVIN<br \/>14 h 30 R\u00e9union de l&rsquo;\u00e9quipe du Rosaire chez Mme ADAM<\/font><\/td>\n<\/tr>\n<tr>\n<td><font color=\"0020FF\">Mercredi 20 mai<\/font><\/td>\n<td><font color=\"0020FF\">9 h &#8211; Messe \u00e0 Cr\u00e9cy pour Andr\u00e9 LAURENT<\/font><\/td>\n<\/tr>\n<tr>\n<td><font color=\"0020FF\">Jeudi 21 mai<\/font><\/td>\n<td><font color=\"0020FF\">10 h 30 &#8211; Messe de l&rsquo;Ascension \u00e0 Cr\u00e9cy<\/font><\/td>\n<\/tr>\n<tr>\n<td><font color=\"0020FF\">Vendredi 22 mai<\/font><\/td>\n<td><font color=\"0020FF\">17h &#8211; Messe \u00e0 Cr\u00e9cy pour Gilles DUWARD.<\/font><\/td>\n<\/tr>\n<tr>\n<td><font color=\"0020FF\">Samedi 23 mai<\/font><\/td>\n<td><font color=\"0020FF\">11h &#8211; Bapt\u00eame de Juliette WALIGORA \u00e0 Cr\u00e9cy.<br \/>\n16 h &#8211; f\u00eate de la Cat\u00e9ch\u00e8se &#8211; spectacle des enfants cat\u00e9chis\u00e9s \u00e0 Cr\u00e9cy.<br \/>18h30 &#8211; Messe \u00e0 Voulangis pour Georges PIGEON.<\/font><\/td>\n<\/tr>\n<tr>\n<td><font color=\"0020FF\">Dimanche 24 mai<\/font><\/td>\n<td><font color=\"0020FF\">10 h 30 &#8211; Messe \u00e0 Cr\u00e9cy pour Ren\u00e9 et Lucienne CHARPIGNON<br \/>Bapt\u00eames de Ilan BOURGEOIS-DEDIEU et Timeo FERREIRA.<\/font><\/td>\n<\/tr>\n<\/tbody>\n<\/table>\n<table bgcolor =\"F0FAFF\" border=1>\n<tbody>\n<tr>\n<td><font color=\"0020FF\"><br \/>\nN.B. Le jeudi 21 mai \u00e0 Cr\u00e9cy, f\u00eate de l&rsquo;Ascension, la qu\u00eate sera faite pour <b>\u00ab\u00a0L&rsquo;Hospitalit\u00e9 de Lourdes\u00a0\u00bb<\/b>.<br \/>\nCette qu\u00eate aura lieu \u00e9galement \u00e0 Villiers et \u00e0 Voulangis au cours des messes des samedis soirs de mai et de d\u00e9but juin.<\/td>\n<\/tr>\n<\/tbody>\n<\/table>\n<\/div>\n<\/td>\n<\/tr>\n<\/tbody>\n<\/table>\n","protected":false},"excerpt":{"rendered":"<p>Voici les annonces de la semaine du lundi 18 au dimanche 24 mai 2009 pour la paroisse des 3 clochers Cr\u00e9cy-la-Chapelle, Villiers-sur-Morin, Voulangis. Lundi 18 mai 9h -Messe \u00e0 Cr\u00e9cy pour Yvonne LIEVIN14 h&#46;&#46;&#46;<\/p>\n","protected":false},"author":2,"featured_media":0,"comment_status":"open","ping_status":"open","sticky":false,"template":"","format":"standard","meta":{"footnotes":""},"categories":[],"tags":[],"class_list":["post-124","post","type-post","status-publish","format-standard","hentry"],"_links":{"self":[{"href":"http:\/\/www.chapelle-crecy.com\/index.php?rest_route=\/wp\/v2\/posts\/124","targetHints":{"allow":["GET"]}}],"collection":[{"href":"http:\/\/www.chapelle-crecy.com\/index.php?rest_route=\/wp\/v2\/posts"}],"about":[{"href":"http:\/\/www.chapelle-crecy.com\/index.php?rest_route=\/wp\/v2\/types\/post"}],"author":[{"embeddable":true,"href":"http:\/\/www.chapelle-crecy.com\/index.php?rest_route=\/wp\/v2\/users\/2"}],"replies":[{"embeddable":true,"href":"http:\/\/www.chapelle-crecy.com\/index.php?rest_route=%2Fwp%2Fv2%2Fcomments&post=124"}],"version-history":[{"count":0,"href":"http:\/\/www.chapelle-crecy.com\/index.php?rest_route=\/wp\/v2\/posts\/124\/revisions"}],"wp:attachment":[{"href":"http:\/\/www.chapelle-crecy.com\/index.php?rest_route=%2Fwp%2Fv2%2Fmedia&parent=124"}],"wp:term":[{"taxonomy":"category","embeddable":true,"href":"http:\/\/www.chapelle-crecy.com\/index.php?rest_route=%2Fwp%2Fv2%2Fcategories&post=124"},{"taxonomy":"post_tag","embeddable":true,"href":"http:\/\/www.chapelle-crecy.com\/index.php?rest_route=%2Fwp%2Fv2%2Ftags&post=124"}],"curies":[{"name":"wp","href":"https:\/\/api.w.org\/{rel}","templated":true}]}}