{"id":1240,"date":"2019-10-09T11:08:00","date_gmt":"2019-10-09T11:08:00","guid":{"rendered":""},"modified":"-0001-11-30T00:00:00","modified_gmt":"-0001-11-29T22:00:00","slug":"","status":"publish","type":"post","link":"http:\/\/www.chapelle-crecy.com\/?p=1240","title":{"rendered":"Son &#038; lumi\u00e8re  m\u00e9tiers d&rsquo;art et messe d&rsquo;envoi \u00e0\u00a0 la Coll\u00e9giale en octobre"},"content":{"rendered":"<div align=\"justify\">R\u00e9servez d\u00e8s \u00e0\u00a0 pr\u00e9sent votre week-end des 11, 12 et 13 octobre : en cl ture des festivit\u00e9s des 800 ans de la Coll\u00e9giale, la municipalit\u00e9 de Cr\u00e9cy-la-Chapelle, la communaut\u00e9 de communes du Pays Cr\u00e9\u00e7ois, les Amis du patrimoine cr\u00e9\u00e7ois et leurs partenaires vous invitent \u00e0\u00a0 deux \u00e9v\u00e8nements :<\/p>\n<p>Les couleurs de la nuit illuminent la Coll\u00e9giale, les 11 et 12 octobre!<\/p>\n<div align=\"center\"><img decoding=\"async\" src=\"\/IMG\/jpg\/collegiale-nuit.jpg\" width=450><\/div>\n<p>\nJourn\u00e9es d&rsquo;artisanat d&rsquo;art : 11, 12 et 13 octobre de 10h \u00e0\u00a0 18h dans la Coll\u00e9giale<br \/>\nMesse de cl ture des 800 ans, c\u00e9l\u00e9br\u00e9e par l&rsquo;\u00e9v\u00eaque de Meaux \u00e0\u00a0 la Coll\u00e9giale le dimanche 13 octobre \u00e0\u00a0 10h30\n<\/div>\n<div align=\"justify\">\n-1 \u00abLes couleurs de la nuit \u00bb spectacle historique de son et lumi\u00e8re,<br \/>\n cl\u00f4turera cette ann\u00e9e de comm\u00e9moration sur le site de la Coll\u00e9giale. Con\u00e7ue sur mesure, cette cr\u00e9ation originale s&rsquo;appuiera sur des recherches documentaires de l&rsquo;histoire locale.<br \/>\n Rendez-vous avec l&rsquo;histoire dans le cadre somptueux de l&rsquo;esplanade de la Coll\u00e9giale, les 11 et 12 octobre 2019 \u00e0 partir de 19h.<br \/>\n La soupe de l\u00e9gumes est \u00e0 d\u00e9guster sur place ! Le spectacle d\u00e9marre \u00e0 la tomb\u00e9e de la nuit. D&rsquo;une dur\u00e9e de 40 minutes environ, le spectacle est ouvert \u00e0 tous, gratuit, en plein-air. N&rsquo;h\u00e9sitez pas \u00e0 apporter vos si\u00e8ges pliants.<br \/>\nComment venir ?<br \/>\n&#8211; A partir de 18h, une navette \u00ab\u00a0Champ de Foire-Coll\u00e9giale\u00a0\u00bb am\u00e8nera gratuitement les personnes ayant des difficult\u00e9s \u00e0 se d\u00e9placer (places limit\u00e9es). Arr\u00eat sur le parking Champ de Foire signal\u00e9 par affichage.<br \/>\n&#8211; Un arr\u00eat \u00ab\u00a0Stop pouce\u00a0\u00bb d\u00e9di\u00e9 au covoiturage sera aussi r\u00e9serv\u00e9 sur le Champ de Foire.<br \/>\n&#8211; Les parkings du centre-ville, de la piscine, du camping seront fl\u00e9ch\u00e9s.<br \/>\n&#8211; Le parking situ\u00e9 sur la RD934 au niveau de la Coll\u00e9giale sera r\u00e9serv\u00e9 au d\u00e9pose-minute pour la navette et le covoiturage (stationnement strictement interdit par arr\u00eat\u00e9).<br \/>\n&#8211; Le parking face \u00e0 la coll\u00e9giale (derri\u00e8re l&rsquo;ancienne \u00e9cole de la Chapelle) sera r\u00e9serv\u00e9 aux personnes \u00e0 mobilit\u00e9 r\u00e9duite \u00e9quip\u00e9es d&rsquo;un badge.<br \/>\nCette manifestation est propos\u00e9e par la Communaut\u00e9 de Communes du Pays Cr\u00e9\u00e7ois, en partenariat avec la municipalit\u00e9 de Cr\u00e9cy-la-Chapelle.<br \/>\n*dates susceptibles d&rsquo;\u00eatre modifi\u00e9es en cas de mauvais temps. Renseignements sur www.crecylachapelle.eu<\/p>\n<p>-2 Journ\u00e9es d&rsquo;artisanat d&rsquo;art : 11, 12 et 13 octobre de 10h \u00e0 18h dans la Coll\u00e9giale<br \/>\n Les artisans d&rsquo;art font revivre les savoir-faire et techniques de l&rsquo;\u00e9poque. Rencontrez ces professionnels \u00e0 la Coll\u00e9giale !<br \/>\n Les journ\u00e9es d&rsquo;artisanat d&rsquo;art mettront \u00e0 l&rsquo;honneur les m\u00e9tiers anciens : tailleur de pierre, c\u00e9ramiste, restaurateur de tableau, de meubles ou de vieux documents, bronzier d&rsquo;art, ciseleur, \u00e9b\u00e9niste, ferronnier, luthier,<br \/>\nAvec talent, ces artisans d&rsquo;art concilient respect des techniques anciennes et cr\u00e9ation pure, pour des oeuvres uniques et originales. L&rsquo;exposition est gratuite et ouverte \u00e0 tous.<br \/>\n Une bibliographie th\u00e9matique avec ouvrages sera pr\u00e9sent\u00e9e sur place (disponible et consultable toute l&rsquo;ann\u00e9e sur www.bibliocrecy.fr).<br \/>\nAu coeur de cette exposition, la Maison du Tourisme du Pays Cr\u00e9\u00e7ois vous proposera des visites guid\u00e9es de la Coll\u00e9giale le samedi 12 octobre de 10h \u00e0 12h et de 14h-16h. Pensez \u00e0 r\u00e9servez (gratuit) au 01 64 63 70 19.<br \/>\nEnfin, une messe de cl\u00f4ture des 800 ans sera c\u00e9l\u00e9br\u00e9e par l&rsquo;\u00e9v\u00eaque de Meaux \u00e0 la Coll\u00e9giale le dimanche 13 octobre \u00e0 10h30.\n<\/p><\/div>\n","protected":false},"excerpt":{"rendered":"<p>R\u00e9servez d\u00e8s \u00e0\u00a0 pr\u00e9sent votre week-end des 11, 12 et 13 octobre : en cl ture des festivit\u00e9s des 800 ans de la Coll\u00e9giale, la municipalit\u00e9 de Cr\u00e9cy-la-Chapelle, la communaut\u00e9 de communes du Pays&#46;&#46;&#46;<\/p>\n","protected":false},"author":2,"featured_media":0,"comment_status":"open","ping_status":"open","sticky":false,"template":"","format":"standard","meta":{"footnotes":""},"categories":[],"tags":[],"class_list":["post-1240","post","type-post","status-publish","format-standard","hentry"],"_links":{"self":[{"href":"http:\/\/www.chapelle-crecy.com\/index.php?rest_route=\/wp\/v2\/posts\/1240","targetHints":{"allow":["GET"]}}],"collection":[{"href":"http:\/\/www.chapelle-crecy.com\/index.php?rest_route=\/wp\/v2\/posts"}],"about":[{"href":"http:\/\/www.chapelle-crecy.com\/index.php?rest_route=\/wp\/v2\/types\/post"}],"author":[{"embeddable":true,"href":"http:\/\/www.chapelle-crecy.com\/index.php?rest_route=\/wp\/v2\/users\/2"}],"replies":[{"embeddable":true,"href":"http:\/\/www.chapelle-crecy.com\/index.php?rest_route=%2Fwp%2Fv2%2Fcomments&post=1240"}],"version-history":[{"count":0,"href":"http:\/\/www.chapelle-crecy.com\/index.php?rest_route=\/wp\/v2\/posts\/1240\/revisions"}],"wp:attachment":[{"href":"http:\/\/www.chapelle-crecy.com\/index.php?rest_route=%2Fwp%2Fv2%2Fmedia&parent=1240"}],"wp:term":[{"taxonomy":"category","embeddable":true,"href":"http:\/\/www.chapelle-crecy.com\/index.php?rest_route=%2Fwp%2Fv2%2Fcategories&post=1240"},{"taxonomy":"post_tag","embeddable":true,"href":"http:\/\/www.chapelle-crecy.com\/index.php?rest_route=%2Fwp%2Fv2%2Ftags&post=1240"}],"curies":[{"name":"wp","href":"https:\/\/api.w.org\/{rel}","templated":true}]}}