{"id":1244,"date":"2019-11-02T16:39:47","date_gmt":"2019-11-02T16:39:47","guid":{"rendered":""},"modified":"-0001-11-30T00:00:00","modified_gmt":"-0001-11-29T22:00:00","slug":"","status":"publish","type":"post","link":"http:\/\/www.chapelle-crecy.com\/?p=1244","title":{"rendered":"Appel \u00e0\u00a0 projet \u00c2\u00ab\u00c2\u00a0Sauvons nos monuments\u00c2\u00a0\u00c2\u00bb\u00c2\u00a0"},"content":{"rendered":"<div align=justify>La coll\u00e9giale fait partie des 18 projets qui viennent d&rsquo;\u00eatre pr\u00e9s\u00e9lectionn\u00e9s dans le cadre de l&rsquo;appel \u00e0\u00a0 projet \u00ab Sauvons nosmonuments \u00bb au profit des monuments en p\u00e9ril d&rsquo;Ile-de-France. D\u00e8s samedi 26 octobre, votez pour la coll\u00e9giale sur <a href=\"https:\/\/sauvonsnosmonuments77.paperform.co\/\/\" target=\"blank\"><b><u>www.sauvonsnosmonuments.fr<\/b><\/u><\/div>\n<p>\nSi la Coll\u00e9giale de Cr\u00e9cy-la-Chapelle obtient un maximum de votes, le dispositif contribuera \u00e0\u00a0 financer en partie le programme de travaux pluriannuel de restauration lanc\u00e9 par la municipalit\u00e9. L&rsquo;\u00e9glise gothique,  g\u00e9e de 800 ans,a besoin de votre soutien !<br \/>\nComment voter pour la Coll\u00e9giale de Cr\u00e9cy-la-Chapelle ? Du 26 octobre au 4 novembre 2019 sur le site : <a href=\"https:\/\/sauvonsnosmonuments77.paperform.co\/\/\" target=\"blank\"><b><u>www.sauvonsnosmonuments.fr<\/b><\/u><\/div>\n<p>\nToute personne de plus de 16 ans peut y participer. Un seul vote par personne.<br \/>\nEt ensuite? Plus vous voterez, plus la coll\u00e9giale aura de chances de faire partie des neuf laur\u00e9ats ! Attention, sur les deux projets s\u00e9lectionn\u00e9s par d\u00e9partement, un seul sera retenu.A la cl\u00e9 de ce vote, les neuf projets b\u00e9n\u00e9ficieront de la couverture m\u00e9diatique du journal Le Parisien, de l&rsquo;accompagnement de la plateforme de crowdfunding [[www.dartagnans.fr->https:\/\/dartagnans.fr]]\/ pour lancer une campagne de financement participatif du 8 novembre au 12 d\u00e9cembre, et d&rsquo;une aide financi\u00e8re de la R\u00e9gion \u00e0\u017dle-de-France pouvant aller jusqu&rsquo;\u00e0\u00a0 300 000 \u201a\u00ac. Les r\u00e9sultats seront connus le 4 novembre 2019. Partagez ! Merci !<br \/>\nToutes les infos sont sur le site www.chapelle-crecy.com<br \/>\nRevisitez la Coll\u00e9giale \u00e0\u00a0 travers ces vid\u00e9os (spectacle son et lumi\u00e8re):<\/p>\n<div align=\"center\">\n<iframe loading=\"lazy\" src=\"https:\/\/www.facebook.com\/plugins\/video.php?href=https%3A%2F%2Fwww.facebook.com%2FRandomaniac77%2Fvideos%2F545792299583262%2F&#038;show_text=0&#038;width=560\" width=\"560\" height=\"315\" style=\"border:none;overflow:hidden\" scrolling=\"no\" frameborder=\"0\" allowTransparency=\"true\" allowFullScreen=\"true\"><\/iframe><\/p>\n<p><iframe loading=\"lazy\" src=\"https:\/\/www.facebook.com\/plugins\/video.php?href=https%3A%2F%2Fwww.facebook.com%2FRandomaniac77%2Fvideos%2F424449071536694%2F&#038;show_text=0&#038;width=560\" width=\"560\" height=\"315\" style=\"border:none;overflow:hidden\" scrolling=\"no\" frameborder=\"0\" allowTransparency=\"true\" allowFullScreen=\"true\"><\/iframe><\/p>\n<p><iframe loading=\"lazy\" src=\"https:\/\/www.facebook.com\/plugins\/video.php?href=https%3A%2F%2Fwww.facebook.com%2FCrecyEnBrie%2Fvideos%2F412253222824699%2F&#038;show_text=0&#038;width=560\" width=\"560\" height=\"315\" style=\"border:none;overflow:hidden\" scrolling=\"no\" frameborder=\"0\" allowTransparency=\"true\" allowFullScreen=\"true\"><\/iframe>\n<\/div>\n<\/p><\/div>\n","protected":false},"excerpt":{"rendered":"<p>La coll\u00e9giale fait partie des 18 projets qui viennent d&rsquo;\u00eatre pr\u00e9s\u00e9lectionn\u00e9s dans le cadre de l&rsquo;appel \u00e0\u00a0 projet \u00ab Sauvons nosmonuments \u00bb au profit des monuments en p\u00e9ril d&rsquo;Ile-de-France. D\u00e8s samedi 26 octobre, votez&#46;&#46;&#46;<\/p>\n","protected":false},"author":2,"featured_media":0,"comment_status":"open","ping_status":"open","sticky":false,"template":"","format":"standard","meta":{"footnotes":""},"categories":[],"tags":[],"class_list":["post-1244","post","type-post","status-publish","format-standard","hentry"],"_links":{"self":[{"href":"http:\/\/www.chapelle-crecy.com\/index.php?rest_route=\/wp\/v2\/posts\/1244","targetHints":{"allow":["GET"]}}],"collection":[{"href":"http:\/\/www.chapelle-crecy.com\/index.php?rest_route=\/wp\/v2\/posts"}],"about":[{"href":"http:\/\/www.chapelle-crecy.com\/index.php?rest_route=\/wp\/v2\/types\/post"}],"author":[{"embeddable":true,"href":"http:\/\/www.chapelle-crecy.com\/index.php?rest_route=\/wp\/v2\/users\/2"}],"replies":[{"embeddable":true,"href":"http:\/\/www.chapelle-crecy.com\/index.php?rest_route=%2Fwp%2Fv2%2Fcomments&post=1244"}],"version-history":[{"count":0,"href":"http:\/\/www.chapelle-crecy.com\/index.php?rest_route=\/wp\/v2\/posts\/1244\/revisions"}],"wp:attachment":[{"href":"http:\/\/www.chapelle-crecy.com\/index.php?rest_route=%2Fwp%2Fv2%2Fmedia&parent=1244"}],"wp:term":[{"taxonomy":"category","embeddable":true,"href":"http:\/\/www.chapelle-crecy.com\/index.php?rest_route=%2Fwp%2Fv2%2Fcategories&post=1244"},{"taxonomy":"post_tag","embeddable":true,"href":"http:\/\/www.chapelle-crecy.com\/index.php?rest_route=%2Fwp%2Fv2%2Ftags&post=1244"}],"curies":[{"name":"wp","href":"https:\/\/api.w.org\/{rel}","templated":true}]}}