{"id":1245,"date":"2019-11-02T15:00:00","date_gmt":"2019-11-02T15:00:00","guid":{"rendered":""},"modified":"-0001-11-30T00:00:00","modified_gmt":"-0001-11-29T22:00:00","slug":"","status":"publish","type":"post","link":"http:\/\/www.chapelle-crecy.com\/?p=1245","title":{"rendered":"Annonces du 4 au 11 novembre 2019"},"content":{"rendered":"<div align=\"justify\">Voici les annonces de la semaine du lundi 4 au lundi 11 novembre 2019 pour la paroisse des 3 clochers Cr\u00e9cy-la-Chapelle, Villiers-sur-Morin, Voulangis. <\/p>\n<p>Samedi 9 novembre \u00e0\u00a0 18 h 30, messe \u00e0\u00a0 Voulangis. <br \/> <br \/>\nDimanche 10 novembre \u00e0\u00a0 9 h 45, messe \u00e0\u00a0 Cr\u00e9cy. <\/p>\n<p>Tous les d\u00e9tails dans la suite &#8230;<\/p><\/div>\n<div align=\"center\">\n<table bgcolor =\"F0FFF6\" border=0>\n<tbody>\n<tr>\n<td width=400><font color=\"00CC00\"><\/p>\n<div align=\"center\">\n<b>Lundi 4 novembre<\/b><br \/>\n14 h 30 &#8211;  r\u00e9union de l&rsquo;Equipe du Rosaire chez Mme LOUIS.<br \/>\n17 h &#8211; Messe \u00e0 la Maison de Retraite.<\/p>\n<p><b>Mardi 5 novembre<\/b><br \/>\n18 h &#8211; Messe \u00e0 Cr\u00e9cy.<\/p>\n<p><b>Mercredi 6 novembre<\/b><br \/>\n<i>Saint L\u00e9onard.<\/i><br \/>\n9 h &#8211; Messe \u00e0 Cr\u00e9cy.<br \/>\n15 h &#8211; Obs\u00e8ques \u00e0 Cr\u00e9cy de Liliane REVEL.\n<\/div>\n<p><\/font><\/td>\n<td><font color=\"00CC00\"><\/p>\n<div align=\"center\"><img decoding=\"async\" src=\"\/IMG\/personnes\/leonard.jpg\" width=250><br \/><i>Saint l\u00e9onard<\/i><\/div>\n<p><\/font><\/td>\n<\/tr>\n<\/tbody>\n<\/table>\n<p><\/p>\n<table bgcolor =\"F0F0F6\" border=0>\n<tbody>\n<td><font color=\"0E0C40\"><\/p>\n<div align=\"center\"><img decoding=\"async\" src=\"\/IMG\/personnes\/elisabeth_trinite.jpg\" width=250><br \/><i>Sainte Elisabeth de la Trinit\u00e9<\/i><\/div>\n<p><\/font><\/td>\n<td width=400><font color=\"0E0C40\"><\/p>\n<div align=\"center\">\n<p><b>Jeudi 7 novembre<\/b><br \/>\n18 h &#8211; Messe \u00e0 Cr\u00e9cy pour Simone FREMONT.<\/p>\n<p><b>Vendredi 8 novembre<\/b><br \/>\n<i>Sainte Elisabeth de la Trinit\u00e9<\/i><br \/>\nPas de messe en paroisse.<\/p>\n<p><b>Samedi 9 novembre<\/b><br \/>\n18 h 30 &#8211; \u00e0 Voulangis, Messe anniversaire pour Georges PAQUET. Elle est \u00e9galement c\u00e9l\u00e9br\u00e9e pour Charlette  BUISSON.<\/p>\n<p><b>Dimanche 10 novembre<\/b><br \/>\n9 h 45 &#8211; Messe \u00e0 Cr\u00e9cy pour Alphonse MOREL et la famille DEBIEF.<br \/>\n15 h &#8211; MESSE DE CONFIRMATION \u00e0 Cr\u00e9cy.<\/p>\n<p><b>Lundi 11 novembre <\/b><br \/>\n11 h &#8211; Messe \u00e0 Cr\u00e9cy pour les victimes civiles militaires de la guerre 14-18 et de toutes les guerres.<\/p>\n<\/div>\n<p><\/font><\/td>\n<\/tr>\n<\/tbody>\n<\/table>\n<p> \n<\/div>\n","protected":false},"excerpt":{"rendered":"<p>Voici les annonces de la semaine du lundi 4 au lundi 11 novembre 2019 pour la paroisse des 3 clochers Cr\u00e9cy-la-Chapelle, Villiers-sur-Morin, Voulangis. Samedi 9 novembre \u00e0\u00a0 18 h 30, messe \u00e0\u00a0 Voulangis. Dimanche&#46;&#46;&#46;<\/p>\n","protected":false},"author":2,"featured_media":0,"comment_status":"open","ping_status":"open","sticky":false,"template":"","format":"standard","meta":{"footnotes":""},"categories":[],"tags":[],"class_list":["post-1245","post","type-post","status-publish","format-standard","hentry"],"_links":{"self":[{"href":"http:\/\/www.chapelle-crecy.com\/index.php?rest_route=\/wp\/v2\/posts\/1245","targetHints":{"allow":["GET"]}}],"collection":[{"href":"http:\/\/www.chapelle-crecy.com\/index.php?rest_route=\/wp\/v2\/posts"}],"about":[{"href":"http:\/\/www.chapelle-crecy.com\/index.php?rest_route=\/wp\/v2\/types\/post"}],"author":[{"embeddable":true,"href":"http:\/\/www.chapelle-crecy.com\/index.php?rest_route=\/wp\/v2\/users\/2"}],"replies":[{"embeddable":true,"href":"http:\/\/www.chapelle-crecy.com\/index.php?rest_route=%2Fwp%2Fv2%2Fcomments&post=1245"}],"version-history":[{"count":0,"href":"http:\/\/www.chapelle-crecy.com\/index.php?rest_route=\/wp\/v2\/posts\/1245\/revisions"}],"wp:attachment":[{"href":"http:\/\/www.chapelle-crecy.com\/index.php?rest_route=%2Fwp%2Fv2%2Fmedia&parent=1245"}],"wp:term":[{"taxonomy":"category","embeddable":true,"href":"http:\/\/www.chapelle-crecy.com\/index.php?rest_route=%2Fwp%2Fv2%2Fcategories&post=1245"},{"taxonomy":"post_tag","embeddable":true,"href":"http:\/\/www.chapelle-crecy.com\/index.php?rest_route=%2Fwp%2Fv2%2Ftags&post=1245"}],"curies":[{"name":"wp","href":"https:\/\/api.w.org\/{rel}","templated":true}]}}