{"id":1246,"date":"2019-11-10T18:45:51","date_gmt":"2019-11-10T18:45:51","guid":{"rendered":""},"modified":"-0001-11-30T00:00:00","modified_gmt":"-0001-11-29T22:00:00","slug":"","status":"publish","type":"post","link":"http:\/\/www.chapelle-crecy.com\/?p=1246","title":{"rendered":"Annonces du 11 au 17 novembre 2019"},"content":{"rendered":"<div align=\"justify\">Voici les annonces de la semaine du lundi 11 au dimanche 17 novembre 2019 pour la paroisse des 3 clochers Cr\u00e9cy-la-Chapelle, Villiers-sur-Morin, Voulangis. <\/p>\n<p>Samedi 16 novembre \u00e0\u00a0 18 h 30, messe \u00e0\u00a0 Villiers. <br \/> <br \/>\nDimanche 17 novembre \u00e0\u00a0 9 h 45, messe \u00e0\u00a0 Cr\u00e9cy. <\/p>\n<p>Tous les d\u00e9tails dans la suite &#8230;<\/p><\/div>\n<div align=\"center\">\n<table bgcolor =\"F0FFF6\" border=0>\n<tbody>\n<tr>\n<td width=400><font color=\"00CC00\"><\/p>\n<div align=\"center\">\n<b>Lundi 11 novembre<\/b><br \/>\n11 h &#8211; Messe \u00e0 Cr\u00e9cy pour les victimes civiles militaires de la guerre 14-18 et de toutes les guerres.<\/p>\n<p><b>Mardi 12 novembre<\/b><br \/>\n18 h &#8211; Messe \u00e0 Cr\u00e9cy pour les malades de notre Communaut\u00e9.<\/p>\n<p><b>Mercredi 13 novembre<\/b><br \/>\n<i>Saint Brice<\/i><br \/>\n9 h &#8211; Messe \u00e0 Cr\u00e9cy.\n<\/div>\n<p><\/font><\/td>\n<td><font color=\"00CC00\"><\/p>\n<div align=\"center\"><img decoding=\"async\" src=\"\/IMG\/personnes\/brice.jpg\" width=250><br \/><i>Saint Brice<\/i><\/div>\n<p><\/font><\/td>\n<\/tr>\n<\/tbody>\n<\/table>\n<p><\/p>\n<table bgcolor =\"F0F0F6\" border=0>\n<tbody>\n<td><font color=\"0E0C40\"><\/p>\n<div align=\"center\"><img decoding=\"async\" src=\"\/IMG\/personnes\/elisabeth.jpg\" width=250><br \/><i>St Elisabeth de Hongrie<\/i><\/div>\n<p><\/font><\/td>\n<td width=400><font color=\"0E0C40\"><\/p>\n<div align=\"center\">\n<p><b>Jeudi 14 novembre<\/b><br \/>\n18 h &#8211; Messe \u00e0 Cr\u00e9cy.<\/p>\n<p><b>Vendredi 15 novembre<\/b><br \/>\nPas de messe en paroisse.<\/p>\n<p><b>Samedi 16 novembre<\/b><br \/>\n18 h 30 &#8211; \u00e0 Villiers Messe pour Marie MOREL.<\/p>\n<p><b>Dimanche 17 novembre<\/b><br \/>\n<i>St Elisabeth de Hongrie<\/i><br \/>\n9 h 45 &#8211; A Cr\u00e9cy, Messe  demand\u00e9e pour la sant\u00e9 d&rsquo;une jeune fille.<\/p>\n<p><b>Samedi 16 et dimanche 17<\/b> : JOURNEE MONDIALE DES PAUVRES<br \/>\nQUETE SPECIALE POUR LE SECOURS CATHOLIQUE.\n<\/div>\n<p><\/font><\/td>\n<\/tr>\n<\/tbody>\n<\/table>\n<p> \n<\/div>\n","protected":false},"excerpt":{"rendered":"<p>Voici les annonces de la semaine du lundi 11 au dimanche 17 novembre 2019 pour la paroisse des 3 clochers Cr\u00e9cy-la-Chapelle, Villiers-sur-Morin, Voulangis. Samedi 16 novembre \u00e0\u00a0 18 h 30, messe \u00e0\u00a0 Villiers. Dimanche&#46;&#46;&#46;<\/p>\n","protected":false},"author":2,"featured_media":0,"comment_status":"open","ping_status":"open","sticky":false,"template":"","format":"standard","meta":{"footnotes":""},"categories":[],"tags":[],"class_list":["post-1246","post","type-post","status-publish","format-standard","hentry"],"_links":{"self":[{"href":"http:\/\/www.chapelle-crecy.com\/index.php?rest_route=\/wp\/v2\/posts\/1246","targetHints":{"allow":["GET"]}}],"collection":[{"href":"http:\/\/www.chapelle-crecy.com\/index.php?rest_route=\/wp\/v2\/posts"}],"about":[{"href":"http:\/\/www.chapelle-crecy.com\/index.php?rest_route=\/wp\/v2\/types\/post"}],"author":[{"embeddable":true,"href":"http:\/\/www.chapelle-crecy.com\/index.php?rest_route=\/wp\/v2\/users\/2"}],"replies":[{"embeddable":true,"href":"http:\/\/www.chapelle-crecy.com\/index.php?rest_route=%2Fwp%2Fv2%2Fcomments&post=1246"}],"version-history":[{"count":0,"href":"http:\/\/www.chapelle-crecy.com\/index.php?rest_route=\/wp\/v2\/posts\/1246\/revisions"}],"wp:attachment":[{"href":"http:\/\/www.chapelle-crecy.com\/index.php?rest_route=%2Fwp%2Fv2%2Fmedia&parent=1246"}],"wp:term":[{"taxonomy":"category","embeddable":true,"href":"http:\/\/www.chapelle-crecy.com\/index.php?rest_route=%2Fwp%2Fv2%2Fcategories&post=1246"},{"taxonomy":"post_tag","embeddable":true,"href":"http:\/\/www.chapelle-crecy.com\/index.php?rest_route=%2Fwp%2Fv2%2Ftags&post=1246"}],"curies":[{"name":"wp","href":"https:\/\/api.w.org\/{rel}","templated":true}]}}