{"id":1247,"date":"2019-11-17T22:18:20","date_gmt":"2019-11-17T22:18:20","guid":{"rendered":""},"modified":"-0001-11-30T00:00:00","modified_gmt":"-0001-11-29T22:00:00","slug":"","status":"publish","type":"post","link":"http:\/\/www.chapelle-crecy.com\/?p=1247","title":{"rendered":"Annonces du 18 au 24 novembre 2019"},"content":{"rendered":"<div align=\"justify\">Voici les annonces de la semaine du lundi 18 au dimanche 24 novembre 2019 pour la paroisse des 3 clochers Cr\u00e9cy-la-Chapelle, Villiers-sur-Morin, Voulangis. <\/p>\n<p>Samedi 23 novembre \u00e0\u00a0 18 h 30, messe \u00e0\u00a0 Voulangis. <br \/> <br \/>\nDimanche 24 novembre \u00e0\u00a0 9 h 45, messe \u00e0\u00a0 Cr\u00e9cy. <\/p>\n<p>Tous les d\u00e9tails dans la suite &#8230;<\/p><\/div>\n<div align=\"center\">\n<table bgcolor =\"F0FFF6\" border=0>\n<tbody>\n<tr>\n<td width=400><font color=\"00CC00\"><\/p>\n<div align=\"center\">\n<b>Lundi 18 novembre<\/b><br \/>\n17 h &#8211; C\u00e9l\u00e9bration \u00e0 la Maison de Retraite.<\/p>\n<p><b>Mardi 19 novembre<\/b><br \/>\n<i>Saint Tanguy<\/i><br \/>\n18 h &#8211; Messe \u00e0 Cr\u00e9cy pour Charlette BUISSON.<\/p>\n<p><b>Mercredi 20 novembre<\/b><br \/>\n9  h &#8211; Messe \u00e0 Cr\u00e9cy pour Agn\u00e8s CUISINIER.<br \/>\n10 h 30 &#8211; \u00e0 Voulangis, obs\u00e8ques de Pierre DAVID.\n<\/div>\n<p><\/font><\/td>\n<td><font color=\"00CC00\"><\/p>\n<div align=\"center\"><img decoding=\"async\" src=\"\/IMG\/personnes\/tanguy.jpg\" width=250><br \/><i>Saint Tanguy<\/i><\/div>\n<p><\/font><\/td>\n<\/tr>\n<\/tbody>\n<\/table>\n<p><\/p>\n<table bgcolor =\"F0F0F6\" border=0>\n<tbody>\n<td><font color=\"0E0C40\"><\/p>\n<div align=\"center\"><img decoding=\"async\" src=\"\/IMG\/personnes\/clement.jpg\" width=250><br \/><i>Saint Cl\u00e9ment<\/i><\/div>\n<p><\/font><\/td>\n<td width=400><font color=\"0E0C40\"><\/p>\n<div align=\"center\">\n<p><b>Jeudi 21 novembre<\/b><br \/>\n12 h &#8211; \u00e0 Cr\u00e9cy, obs\u00e8ques de Rancia MAYALA-BOURRIN.<\/p>\n<p><b>Vendredi 22 novembre<\/b><br \/>\nPas de Messe en paroisse.<\/p>\n<p><b>Samedi 23 novembre<\/b><br \/>\n<i>Saint Cl\u00e9ment<\/i><br \/>\n18 h 30 &#8211; Messe  \u00e0 Voulangis  pour Jean ROSIER. Nous prierons aussi pour Pierre DAVID et Rancia MAYALA-BOURRIN inhum\u00e9s cette semaine.<\/p>\n<p><b>Dimanche 24 novembre<\/b><br \/>\n<i>CHRIST, ROI DE L&rsquo;UNIVERS <\/i><br \/>\n9 h 45 &#8211; A Cr\u00e9cy, Messe anniversaire pour Lionel GIRONDE. Elle est \u00e9galement c\u00e9l\u00e9br\u00e9e pour  Liliane  REVEL et Jeanne PANHARD.\n<\/div>\n<p><\/font><\/td>\n<\/tr>\n<\/tbody>\n<\/table>\n<p> \n<\/div>\n","protected":false},"excerpt":{"rendered":"<p>Voici les annonces de la semaine du lundi 18 au dimanche 24 novembre 2019 pour la paroisse des 3 clochers Cr\u00e9cy-la-Chapelle, Villiers-sur-Morin, Voulangis. Samedi 23 novembre \u00e0\u00a0 18 h 30, messe \u00e0\u00a0 Voulangis. Dimanche&#46;&#46;&#46;<\/p>\n","protected":false},"author":2,"featured_media":0,"comment_status":"open","ping_status":"open","sticky":false,"template":"","format":"standard","meta":{"footnotes":""},"categories":[],"tags":[],"class_list":["post-1247","post","type-post","status-publish","format-standard","hentry"],"_links":{"self":[{"href":"http:\/\/www.chapelle-crecy.com\/index.php?rest_route=\/wp\/v2\/posts\/1247","targetHints":{"allow":["GET"]}}],"collection":[{"href":"http:\/\/www.chapelle-crecy.com\/index.php?rest_route=\/wp\/v2\/posts"}],"about":[{"href":"http:\/\/www.chapelle-crecy.com\/index.php?rest_route=\/wp\/v2\/types\/post"}],"author":[{"embeddable":true,"href":"http:\/\/www.chapelle-crecy.com\/index.php?rest_route=\/wp\/v2\/users\/2"}],"replies":[{"embeddable":true,"href":"http:\/\/www.chapelle-crecy.com\/index.php?rest_route=%2Fwp%2Fv2%2Fcomments&post=1247"}],"version-history":[{"count":0,"href":"http:\/\/www.chapelle-crecy.com\/index.php?rest_route=\/wp\/v2\/posts\/1247\/revisions"}],"wp:attachment":[{"href":"http:\/\/www.chapelle-crecy.com\/index.php?rest_route=%2Fwp%2Fv2%2Fmedia&parent=1247"}],"wp:term":[{"taxonomy":"category","embeddable":true,"href":"http:\/\/www.chapelle-crecy.com\/index.php?rest_route=%2Fwp%2Fv2%2Fcategories&post=1247"},{"taxonomy":"post_tag","embeddable":true,"href":"http:\/\/www.chapelle-crecy.com\/index.php?rest_route=%2Fwp%2Fv2%2Ftags&post=1247"}],"curies":[{"name":"wp","href":"https:\/\/api.w.org\/{rel}","templated":true}]}}