{"id":1249,"date":"2019-12-01T09:55:35","date_gmt":"2019-12-01T09:55:35","guid":{"rendered":""},"modified":"-0001-11-30T00:00:00","modified_gmt":"-0001-11-29T22:00:00","slug":"","status":"publish","type":"post","link":"http:\/\/www.chapelle-crecy.com\/?p=1249","title":{"rendered":"Annonces du 2 au 8 d\u00e9cembre 2019"},"content":{"rendered":"<div align=\"justify\">Voici les annonces de la semaine du lundi 2 au dimanche 8 d\u00e9cembre 2019 pour la paroisse des 3 clochers Cr\u00e9cy-la-Chapelle, Villiers-sur-Morin, Voulangis. <\/p>\n<p>Samedi 7 d\u00e9cembre \u00e0\u00a0 18 h 30, messe \u00e0\u00a0 Voulangis. <br \/> <br \/>\nDimanche 8 d\u00e9cembre \u00e0\u00a0 9 h 45, messe \u00e0\u00a0 Cr\u00e9cy. <\/p>\n<p>Tous les d\u00e9tails dans la suite &#8230;<\/p><\/div>\n<div align=\"center\">\n<table bgcolor =\"F0FFF6\" border=0>\n<tbody>\n<tr>\n<td width=400><font color=\"00CC00\"><\/p>\n<div align=\"center\">\n<b>Lundi 2 d\u00e9cembre<\/b><br \/>\n14 h 30 &#8211; R\u00e9union de l&rsquo;Equipe du Rosaire chez Madame LOUIS.<br \/>\n17 h &#8211; C\u00e9l\u00e9bration \u00e0 la Maison de Retraite.<\/p>\n<p><b>Mardi 3 d\u00e9cembre<\/b><br \/>\n<i>Sainte Fran\u00e7ois Xavier<\/i><br \/>\n14 h 30 &#8211; \u00e0 l&rsquo;\u00e9glise st Georges de Cr\u00e9cy, Obs\u00e8ques de Michel THIEBAULT.<br \/>\n18 h &#8211; Messe \u00e0 Cr\u00e9cy.<\/p>\n<p><b>Mercredi 4 d\u00e9cembre<\/b><br \/>\n9  h &#8211; Messe \u00e0 Cr\u00e9cy.\n<\/div>\n<p><\/font><\/td>\n<td><font color=\"00CC00\"><\/p>\n<div align=\"center\"><img decoding=\"async\" src=\"\/IMG\/personnes\/Francois-xavier.jpg\" width=250><br \/><i>Sainte Fran\u00e7ois Xavier<\/i><\/div>\n<p><\/font><\/td>\n<\/tr>\n<\/tbody>\n<\/table>\n<p><\/p>\n<table bgcolor =\"F0F0F6\" border=0>\n<tbody>\n<td><font color=\"0E0C40\"><\/p>\n<div align=\"center\"><img decoding=\"async\" src=\"\/IMG\/personnes\/immaculee_conception.jpg\" width=250><\/div>\n<p><\/font><\/td>\n<td width=400><font color=\"0E0C40\"><\/p>\n<div align=\"center\">\n<p><b>Jeudi 5 d\u00e9cembre<\/b><br \/>\n18h &#8211; \u00e0 Cr\u00e9cy, Messe anniversaire pour Gilbert VILLOZ.<\/p>\n<p><b>Vendredi 6 d\u00e9cembre<\/b><br \/>\nPas de Messe en paroisse.<\/p>\n<p><b>Samedi 7 d\u00e9cembre<\/b><br \/>\n18 h 30 &#8211; Messe  \u00e0 Villiers pour Jean et Simone BLAVIER.<br \/>\nMesse pour Michel Thi\u00e9bault, inhum\u00e9 cette semaine.<\/p>\n<p><b>Dimanche 8 d\u00e9cembre<\/b><br \/>\n<i>Deuxi\u00e8me Dimanche de l&rsquo;Avent <\/i><br \/>\n<i>SOLENNITE DE L&rsquo;IMMACULEE CONCEPTION <\/i><br \/>\n9 h 45 &#8211; Messe \u00e0 Cr\u00e9cy pour  Lancelot RUYSSCHAERT.\n<\/div>\n<p><\/font><\/td>\n<\/tr>\n<\/tbody>\n<\/table>\n<p> \n<\/div>\n","protected":false},"excerpt":{"rendered":"<p>Voici les annonces de la semaine du lundi 2 au dimanche 8 d\u00e9cembre 2019 pour la paroisse des 3 clochers Cr\u00e9cy-la-Chapelle, Villiers-sur-Morin, Voulangis. Samedi 7 d\u00e9cembre \u00e0\u00a0 18 h 30, messe \u00e0\u00a0 Voulangis. Dimanche&#46;&#46;&#46;<\/p>\n","protected":false},"author":2,"featured_media":0,"comment_status":"open","ping_status":"open","sticky":false,"template":"","format":"standard","meta":{"footnotes":""},"categories":[],"tags":[],"class_list":["post-1249","post","type-post","status-publish","format-standard","hentry"],"_links":{"self":[{"href":"http:\/\/www.chapelle-crecy.com\/index.php?rest_route=\/wp\/v2\/posts\/1249","targetHints":{"allow":["GET"]}}],"collection":[{"href":"http:\/\/www.chapelle-crecy.com\/index.php?rest_route=\/wp\/v2\/posts"}],"about":[{"href":"http:\/\/www.chapelle-crecy.com\/index.php?rest_route=\/wp\/v2\/types\/post"}],"author":[{"embeddable":true,"href":"http:\/\/www.chapelle-crecy.com\/index.php?rest_route=\/wp\/v2\/users\/2"}],"replies":[{"embeddable":true,"href":"http:\/\/www.chapelle-crecy.com\/index.php?rest_route=%2Fwp%2Fv2%2Fcomments&post=1249"}],"version-history":[{"count":0,"href":"http:\/\/www.chapelle-crecy.com\/index.php?rest_route=\/wp\/v2\/posts\/1249\/revisions"}],"wp:attachment":[{"href":"http:\/\/www.chapelle-crecy.com\/index.php?rest_route=%2Fwp%2Fv2%2Fmedia&parent=1249"}],"wp:term":[{"taxonomy":"category","embeddable":true,"href":"http:\/\/www.chapelle-crecy.com\/index.php?rest_route=%2Fwp%2Fv2%2Fcategories&post=1249"},{"taxonomy":"post_tag","embeddable":true,"href":"http:\/\/www.chapelle-crecy.com\/index.php?rest_route=%2Fwp%2Fv2%2Ftags&post=1249"}],"curies":[{"name":"wp","href":"https:\/\/api.w.org\/{rel}","templated":true}]}}