{"id":125,"date":"2009-05-26T20:41:00","date_gmt":"2009-05-26T20:41:00","guid":{"rendered":""},"modified":"-0001-11-30T00:00:00","modified_gmt":"-0001-11-29T22:00:00","slug":"","status":"publish","type":"post","link":"http:\/\/www.chapelle-crecy.com\/?p=125","title":{"rendered":"Casting pour le spectacle de no\u00ebl &#8211; suite"},"content":{"rendered":"<table bgcolor =\"F0FAFF\" border=0>\n<tbody>\n<tr>\n<td>\n<div align=\"justify\">\n<div \"34\">LE MURMURE DU GRAND LIVRE<br \/>\nUn No\u00f6l Exceptionnel \u00e0\u00a0 la Cath\u00e9drale de MEAUX !<br \/>\nL&rsquo;Association Joie et Partage pr\u00e9sente les 18 et 20 d\u00e9cembre 2009<br \/>\nUn Spectacle Son et Lumi\u00e8re, \u00e9crit par James PRIEUX, auteur du Spectacle Historique de Meaux.<br \/>\nVenez participer au casting le 9 juin &#8230;\n<\/div>\n<\/div>\n<\/td>\n<\/tr>\n<\/tbody>\n<\/table>\n<table bgcolor =\"F0FAFF\" border=0>\n<tbody>\n<tr>\n<td>\n<div align=\"justify\">\nPour sa r\u00e9alisation, nous recherchons :<br \/>\n&#8211; Des com\u00e9diens professionnels, amateurs et figurants de tous \u00e2ges, d\u00e9butants ou exp\u00e9riment\u00e9s.<br \/>\n&#8211; Des chanteurs amateurs, d\u00e9butants ou exp\u00e9riment\u00e9s, (registre vari\u00e9 : gospel, pop, lyrique \u00e2\u20ac\u00a6)<br \/>\n&#8211; De nombreux b\u00e9n\u00e9voles pouvant aider \u00e0 la pr\u00e9paration du spectacle.<\/p>\n<p>Une r\u00e9union d&rsquo;information suivie d&rsquo;un 2i\u00e8me  casting en pr\u00e9sence de l&rsquo;auteur et avec la collaboration de Mme Nicole ROUILLE, Directrice du Conservatoire de Meaux, sont pr\u00e9vus le 9 Juin \u00e0 partir de 19h00 au conservatoire de chants et musique  49, cours Pinteville  77100 Meaux<br \/>\nLes R\u00e9p\u00e9titions auront lieu de Septembre \u00e0 D\u00e9cembre 2009.<\/p>\n<p>L&rsquo;inscription est gratuite. <\/p>\n<p>Contactez d\u00e8s \u00e0 pr\u00e9sent Marie-Sandrine Calixte par t\u00e9l\u00e9phone au : 06.69.03.16.76 ou par e-mail aux adresses suivantes : dosulma@aol.com ou association-joie-et-partage@hotmail.fr\n<\/p><\/div>\n<\/td>\n<\/tr>\n<\/tbody>\n<\/table>\n","protected":false},"excerpt":{"rendered":"<p>LE MURMURE DU GRAND LIVRE Un No\u00f6l Exceptionnel \u00e0\u00a0 la Cath\u00e9drale de MEAUX ! L&rsquo;Association Joie et Partage pr\u00e9sente les 18 et 20 d\u00e9cembre 2009 Un Spectacle Son et Lumi\u00e8re, \u00e9crit par James PRIEUX,&#46;&#46;&#46;<\/p>\n","protected":false},"author":2,"featured_media":0,"comment_status":"open","ping_status":"open","sticky":false,"template":"","format":"standard","meta":{"footnotes":""},"categories":[],"tags":[],"class_list":["post-125","post","type-post","status-publish","format-standard","hentry"],"_links":{"self":[{"href":"http:\/\/www.chapelle-crecy.com\/index.php?rest_route=\/wp\/v2\/posts\/125","targetHints":{"allow":["GET"]}}],"collection":[{"href":"http:\/\/www.chapelle-crecy.com\/index.php?rest_route=\/wp\/v2\/posts"}],"about":[{"href":"http:\/\/www.chapelle-crecy.com\/index.php?rest_route=\/wp\/v2\/types\/post"}],"author":[{"embeddable":true,"href":"http:\/\/www.chapelle-crecy.com\/index.php?rest_route=\/wp\/v2\/users\/2"}],"replies":[{"embeddable":true,"href":"http:\/\/www.chapelle-crecy.com\/index.php?rest_route=%2Fwp%2Fv2%2Fcomments&post=125"}],"version-history":[{"count":0,"href":"http:\/\/www.chapelle-crecy.com\/index.php?rest_route=\/wp\/v2\/posts\/125\/revisions"}],"wp:attachment":[{"href":"http:\/\/www.chapelle-crecy.com\/index.php?rest_route=%2Fwp%2Fv2%2Fmedia&parent=125"}],"wp:term":[{"taxonomy":"category","embeddable":true,"href":"http:\/\/www.chapelle-crecy.com\/index.php?rest_route=%2Fwp%2Fv2%2Fcategories&post=125"},{"taxonomy":"post_tag","embeddable":true,"href":"http:\/\/www.chapelle-crecy.com\/index.php?rest_route=%2Fwp%2Fv2%2Ftags&post=125"}],"curies":[{"name":"wp","href":"https:\/\/api.w.org\/{rel}","templated":true}]}}